{"id":1395,"date":"2021-06-17T07:00:00","date_gmt":"2021-06-17T10:00:00","guid":{"rendered":"https:\/\/bibliotecadesigncenico.ct.utfpr.edu.br\/?p=1395"},"modified":"2021-07-08T02:15:34","modified_gmt":"2021-07-08T05:15:34","slug":"a-direcao-de-arte-servidora-de-dois-amos-o-teatro-e-o-cinema","status":"publish","type":"post","link":"https:\/\/utfpr.curitiba.br\/bibliotecadesigncenico\/?p=1395","title":{"rendered":"A Dire\u00e7\u00e3o de Arte Servidora de Dois Amos: O Teatro e o Cinema"},"content":{"rendered":"\t\t<div data-elementor-type=\"wp-post\" data-elementor-id=\"1395\" class=\"elementor elementor-1395\">\n\t\t\t\t\t\t<section class=\"elementor-section elementor-top-section elementor-element elementor-element-64b87dd elementor-section-boxed elementor-section-height-default elementor-section-height-default\" data-id=\"64b87dd\" data-element_type=\"section\" data-e-type=\"section\">\n\t\t\t\t\t\t<div class=\"elementor-container elementor-column-gap-default\">\n\t\t\t\t\t<div class=\"elementor-column elementor-col-100 elementor-top-column elementor-element elementor-element-0f754b5\" data-id=\"0f754b5\" data-element_type=\"column\" data-e-type=\"column\">\n\t\t\t<div class=\"elementor-widget-wrap elementor-element-populated\">\n\t\t\t\t\t\t<div class=\"elementor-element elementor-element-b883aa6 elementor-widget elementor-widget-text-editor\" data-id=\"b883aa6\" data-element_type=\"widget\" data-e-type=\"widget\" data-widget_type=\"text-editor.default\">\n\t\t\t\t<div class=\"elementor-widget-container\">\n\t\t\t\t\t\t\t\t\t<p><span data-sheets-value=\"{&quot;1&quot;:2,&quot;2&quot;:&quot;PEREIRA, Luiz Fernando. A Dire\u00e7\u00e3o de Arte Servidora de Dois Amos: O Teatro e o Cinema. Tese (Mestrado em Teatro) - UDESC, 2016.&quot;}\" data-sheets-userformat=\"{&quot;2&quot;:7073,&quot;3&quot;:{&quot;1&quot;:0},&quot;8&quot;:{&quot;1&quot;:[{&quot;1&quot;:2,&quot;2&quot;:0,&quot;5&quot;:{&quot;1&quot;:0}},{&quot;1&quot;:0,&quot;2&quot;:0,&quot;3&quot;:3},{&quot;1&quot;:1,&quot;2&quot;:0,&quot;4&quot;:1}]},&quot;10&quot;:2,&quot;11&quot;:0,&quot;12&quot;:0,&quot;14&quot;:[null,2,2575891],&quot;15&quot;:&quot;Arial&quot;}\">PEREIRA, Luiz Fernando. <strong>A Dire\u00e7\u00e3o de Arte Servidora de Dois Amos: O Teatro e o Cinema<\/strong>. Tese (Mestrado em Teatro) &#8211; UDESC, 2016.<\/span><\/p><p>Palavras-chave: <span data-sheets-value=\"{&quot;1&quot;:2,&quot;2&quot;:&quot;Dire\u00e7\u00e3o de Arte. Teatro. Cinema. Espa\u00e7o C\u00eanico. Cenografia.&quot;}\" data-sheets-userformat=\"{&quot;2&quot;:573,&quot;3&quot;:{&quot;1&quot;:0},&quot;5&quot;:{&quot;1&quot;:[{&quot;1&quot;:2,&quot;2&quot;:0,&quot;5&quot;:[null,2,0]},{&quot;1&quot;:0,&quot;2&quot;:0,&quot;3&quot;:3},{&quot;1&quot;:1,&quot;2&quot;:0,&quot;4&quot;:1}]},&quot;6&quot;:{&quot;1&quot;:[{&quot;1&quot;:2,&quot;2&quot;:0,&quot;5&quot;:[null,2,0]},{&quot;1&quot;:0,&quot;2&quot;:0,&quot;3&quot;:3},{&quot;1&quot;:1,&quot;2&quot;:0,&quot;4&quot;:1}]},&quot;7&quot;:{&quot;1&quot;:[{&quot;1&quot;:2,&quot;2&quot;:0,&quot;5&quot;:[null,2,0]},{&quot;1&quot;:0,&quot;2&quot;:0,&quot;3&quot;:3},{&quot;1&quot;:1,&quot;2&quot;:0,&quot;4&quot;:1}]},&quot;8&quot;:{&quot;1&quot;:[{&quot;1&quot;:2,&quot;2&quot;:0,&quot;5&quot;:[null,2,0]},{&quot;1&quot;:0,&quot;2&quot;:0,&quot;3&quot;:3},{&quot;1&quot;:1,&quot;2&quot;:0,&quot;4&quot;:1}]},&quot;12&quot;:0}\">Dire\u00e7\u00e3o de Arte. Teatro. Cinema. Espa\u00e7o C\u00eanico. Cenografia.<\/span><\/p><p>Resumo: <span data-sheets-value=\"{&quot;1&quot;:2,&quot;2&quot;:&quot;O objetivo desta pesquisa \u00e9 ressaltar a import\u00e2ncia da dire\u00e7\u00e3o de arte e do diretor de arte evidenciando com estudos mais recentes seu papel no fazer teatral. O cinema, que surgiu a partir do teatro, desenvolveu e incorporou a dire\u00e7\u00e3o de arte tornando-a uma linguagem narrativa fundamental na cria\u00e7\u00e3o da visualidade de um filme, pr\u00e1tica ainda n\u00e3o consolidada no teatro. Este estudo inicia-se com a conceitua\u00e7\u00e3o da dire\u00e7\u00e3o de arte e seus elementos constitutivos: a cenografia, o figurino, a maquiagem, a caracteriza\u00e7\u00e3o e a ilumina\u00e7\u00e3o, essenciais para a constru\u00e7\u00e3o da linguagem narrativa. Destaca-se tamb\u00e9m a import\u00e2ncia do espa\u00e7o c\u00eanico como um elemento no qual se materializa a a\u00e7\u00e3o dram\u00e1tica. Constata-se que desde o seu surgimento o teatro, de uma maneira ou de outra, usufruiu da dire\u00e7\u00e3o de arte, ainda que ela n\u00e3o fosse assim denominada, desempenhada por profissionais das mais diferentes \u00e1reas. Ap\u00f3s a an\u00e1lise do desenvolvimento e da aplica\u00e7\u00e3o da metodologia da dire\u00e7\u00e3o de arte no cinema e no pr\u00f3prio teatro, apresenta-se a hip\u00f3tese de que o diretor de arte passe efetivamente a integrar a equipe criadora nas montagens teatrais. A constru\u00e7\u00e3o te\u00f3rica presente nesta pesquisa apoia-se na experi\u00eancia do autor como diretor de arte, no teatro e no cinema, e nas obras de Felisa de Blas G\u00f3mez, Michael Rizzo e Vincent LoBrutto, que a corroboram. O que a torna relevante para o Teatro Brasileiro \u00e9 a car\u00eancia de estudos formais nesta \u00e1rea. Visando preencher esta lacuna e estimular a expans\u00e3o da dire\u00e7\u00e3o de arte, tanto no mercado de trabalho quanto na Academia, o autor apresenta sua metodologia&quot;}\" data-sheets-userformat=\"{&quot;2&quot;:573,&quot;3&quot;:{&quot;1&quot;:0},&quot;5&quot;:{&quot;1&quot;:[{&quot;1&quot;:2,&quot;2&quot;:0,&quot;5&quot;:[null,2,0]},{&quot;1&quot;:0,&quot;2&quot;:0,&quot;3&quot;:3},{&quot;1&quot;:1,&quot;2&quot;:0,&quot;4&quot;:1}]},&quot;6&quot;:{&quot;1&quot;:[{&quot;1&quot;:2,&quot;2&quot;:0,&quot;5&quot;:[null,2,0]},{&quot;1&quot;:0,&quot;2&quot;:0,&quot;3&quot;:3},{&quot;1&quot;:1,&quot;2&quot;:0,&quot;4&quot;:1}]},&quot;7&quot;:{&quot;1&quot;:[{&quot;1&quot;:2,&quot;2&quot;:0,&quot;5&quot;:[null,2,0]},{&quot;1&quot;:0,&quot;2&quot;:0,&quot;3&quot;:3},{&quot;1&quot;:1,&quot;2&quot;:0,&quot;4&quot;:1}]},&quot;8&quot;:{&quot;1&quot;:[{&quot;1&quot;:2,&quot;2&quot;:0,&quot;5&quot;:[null,2,0]},{&quot;1&quot;:0,&quot;2&quot;:0,&quot;3&quot;:3},{&quot;1&quot;:1,&quot;2&quot;:0,&quot;4&quot;:1}]},&quot;12&quot;:0}\">O objetivo desta pesquisa \u00e9 ressaltar a import\u00e2ncia da dire\u00e7\u00e3o de arte e do diretor de arte evidenciando com estudos mais recentes seu papel no fazer teatral. O cinema, que surgiu a partir do teatro, desenvolveu e incorporou a dire\u00e7\u00e3o de arte tornando-a uma linguagem narrativa fundamental na cria\u00e7\u00e3o da visualidade de um filme, pr\u00e1tica ainda n\u00e3o consolidada no teatro. Este estudo inicia-se com a conceitua\u00e7\u00e3o da dire\u00e7\u00e3o de arte e seus elementos constitutivos: a cenografia, o figurino, a maquiagem, a caracteriza\u00e7\u00e3o e a ilumina\u00e7\u00e3o, essenciais para a constru\u00e7\u00e3o da linguagem narrativa. Destaca-se tamb\u00e9m a import\u00e2ncia do espa\u00e7o c\u00eanico como um elemento no qual se materializa a a\u00e7\u00e3o dram\u00e1tica. Constata-se que desde o seu surgimento o teatro, de uma maneira ou de outra, usufruiu da dire\u00e7\u00e3o de arte, ainda que ela n\u00e3o fosse assim denominada, desempenhada por profissionais das mais diferentes \u00e1reas. Ap\u00f3s a an\u00e1lise do desenvolvimento e da aplica\u00e7\u00e3o da metodologia da dire\u00e7\u00e3o de arte no cinema e no pr\u00f3prio teatro, apresenta-se a hip\u00f3tese de que o diretor de arte passe efetivamente a integrar a equipe criadora nas montagens teatrais. A constru\u00e7\u00e3o te\u00f3rica presente nesta pesquisa apoia-se na experi\u00eancia do autor como diretor de arte, no teatro e no cinema, e nas obras de Felisa de Blas G\u00f3mez, Michael Rizzo e Vincent LoBrutto, que a corroboram. O que a torna relevante para o Teatro Brasileiro \u00e9 a car\u00eancia de estudos formais nesta \u00e1rea. Visando preencher esta lacuna e estimular a expans\u00e3o da dire\u00e7\u00e3o de arte, tanto no mercado de trabalho quanto na Academia, o autor apresenta sua metodologia.<\/span><\/p><p>Link: <a href=\"https:\/\/sistemabu.udesc.br\/pergamumweb\/vinculos\/000017\/000017b3.pdf\">https:\/\/sistemabu.udesc.br\/pergamumweb\/vinculos\/000017\/000017b3.pdf<\/a><\/p>\t\t\t\t\t\t\t\t<\/div>\n\t\t\t\t<\/div>\n\t\t\t\t\t<\/div>\n\t\t<\/div>\n\t\t\t\t\t<\/div>\n\t\t<\/section>\n\t\t\t\t<\/div>\n\t\t","protected":false},"excerpt":{"rendered":"<p>PEREIRA, Luiz Fernando. A Dire\u00e7\u00e3o de Arte Servidora de Dois Amos: O Teatro e o Cinema. Tese (Mestrado em Teatro) &#8211; UDESC, 2016. Palavras-chave: Dire\u00e7\u00e3o de Arte. Teatro. Cinema. Espa\u00e7o C\u00eanico. Cenografia. Resumo: O objetivo desta pesquisa \u00e9 ressaltar a &hellip; <a href=\"https:\/\/utfpr.curitiba.br\/bibliotecadesigncenico\/?p=1395\">Continue lendo <span class=\"meta-nav\">&rarr;<\/span><\/a><\/p>\n","protected":false},"author":5,"featured_media":0,"comment_status":"closed","ping_status":"closed","sticky":false,"template":"","format":"standard","meta":{"footnotes":""},"categories":[3,10],"tags":[],"class_list":["post-1395","post","type-post","status-publish","format-standard","hentry","category-cenografia","category-diversos"],"_links":{"self":[{"href":"https:\/\/utfpr.curitiba.br\/bibliotecadesigncenico\/index.php?rest_route=\/wp\/v2\/posts\/1395","targetHints":{"allow":["GET"]}}],"collection":[{"href":"https:\/\/utfpr.curitiba.br\/bibliotecadesigncenico\/index.php?rest_route=\/wp\/v2\/posts"}],"about":[{"href":"https:\/\/utfpr.curitiba.br\/bibliotecadesigncenico\/index.php?rest_route=\/wp\/v2\/types\/post"}],"author":[{"embeddable":true,"href":"https:\/\/utfpr.curitiba.br\/bibliotecadesigncenico\/index.php?rest_route=\/wp\/v2\/users\/5"}],"replies":[{"embeddable":true,"href":"https:\/\/utfpr.curitiba.br\/bibliotecadesigncenico\/index.php?rest_route=%2Fwp%2Fv2%2Fcomments&post=1395"}],"version-history":[{"count":4,"href":"https:\/\/utfpr.curitiba.br\/bibliotecadesigncenico\/index.php?rest_route=\/wp\/v2\/posts\/1395\/revisions"}],"predecessor-version":[{"id":1399,"href":"https:\/\/utfpr.curitiba.br\/bibliotecadesigncenico\/index.php?rest_route=\/wp\/v2\/posts\/1395\/revisions\/1399"}],"wp:attachment":[{"href":"https:\/\/utfpr.curitiba.br\/bibliotecadesigncenico\/index.php?rest_route=%2Fwp%2Fv2%2Fmedia&parent=1395"}],"wp:term":[{"taxonomy":"category","embeddable":true,"href":"https:\/\/utfpr.curitiba.br\/bibliotecadesigncenico\/index.php?rest_route=%2Fwp%2Fv2%2Fcategories&post=1395"},{"taxonomy":"post_tag","embeddable":true,"href":"https:\/\/utfpr.curitiba.br\/bibliotecadesigncenico\/index.php?rest_route=%2Fwp%2Fv2%2Ftags&post=1395"}],"curies":[{"name":"wp","href":"https:\/\/api.w.org\/{rel}","templated":true}]}}