{"id":1356,"date":"2021-06-15T14:50:32","date_gmt":"2021-06-15T17:50:32","guid":{"rendered":"https:\/\/bibliotecadesigncenico.ct.utfpr.edu.br\/?p=1356"},"modified":"2021-06-15T14:53:30","modified_gmt":"2021-06-15T17:53:30","slug":"um-panorama-do-traje-teatral-brasileiro-na-quadrienal-de-praga","status":"publish","type":"post","link":"https:\/\/utfpr.curitiba.br\/bibliotecadesigncenico\/?p=1356","title":{"rendered":"Um panorama do traje teatral brasileiro na quadrienal de Praga"},"content":{"rendered":"\t\t<div data-elementor-type=\"wp-post\" data-elementor-id=\"1356\" class=\"elementor elementor-1356\">\n\t\t\t\t\t\t<section class=\"elementor-section elementor-top-section elementor-element elementor-element-a44e094 elementor-section-boxed elementor-section-height-default elementor-section-height-default\" data-id=\"a44e094\" data-element_type=\"section\" data-e-type=\"section\">\n\t\t\t\t\t\t<div class=\"elementor-container elementor-column-gap-default\">\n\t\t\t\t\t<div class=\"elementor-column elementor-col-100 elementor-top-column elementor-element elementor-element-e6c358e\" data-id=\"e6c358e\" data-element_type=\"column\" data-e-type=\"column\">\n\t\t\t<div class=\"elementor-widget-wrap elementor-element-populated\">\n\t\t\t\t\t\t<div class=\"elementor-element elementor-element-6b73f25 elementor-widget elementor-widget-text-editor\" data-id=\"6b73f25\" data-element_type=\"widget\" data-e-type=\"widget\" data-widget_type=\"text-editor.default\">\n\t\t\t\t<div class=\"elementor-widget-container\">\n\t\t\t\t\t\t\t\t\t<p>ROCHA, Rosane Muniz. <strong>Um panorama do traje teatral brasileiro na quadrienal de Praga (1967-2015).\u00a0<\/strong>Tese (Doutorado em Teoria e Pr\u00e1tica do Teatro) &#8211; Universidade de S\u00e3o Paulo, 2016.<\/p><p>Palavras-chave: Bienal de S\u00e3o Paulo, Carnaval, Cenografia, Figurino, Quadrienal de Praga, Traje de cena.<\/p><p>Resumo: S\u00e3o raras as oportunidades para expor um traje de cena fora da cena, em uma exposi\u00e7\u00e3o na qual seja poss\u00edvel refletir sobre a obra criada, seu processo de trabalho e propostas c\u00eanicas, tanto no Pa\u00eds quanto no exterior. A maior exposi\u00e7\u00e3o internacional de performance design acontece, h\u00e1 58 anos, na Rep\u00fablica Tcheca, tendo reunido artistas, pesquisadores e estudantes de 90 pa\u00edses, na \u00faltima edi\u00e7\u00e3o, em 2015. Durante a Quadrienal de Praga (1967-2015), o Brasil j\u00e1 foi premiado diversas vezes, incluindo o pr\u00eamio m\u00e1ximo da PQ: a Triga de Ouro, em 1995 e 2011. Por\u00e9m, a falta de uma institui\u00e7\u00e3o respons\u00e1vel pela organiza\u00e7\u00e3o da participa\u00e7\u00e3o do Pa\u00eds causa instabilidade nas formas curatoriais, al\u00e9m de escassez de verba. Este estudo investiga como o traje de cena do teatro brasileiro \u00e9 representado na exposi\u00e7\u00e3o internacional. Um percurso que se faz necess\u00e1rio iniciar na Bienal Internacional das Artes Pl\u00e1sticas do Teatro (1957 a 1973), evento criado como um quadro pertencente \u00e0 Bienal de S\u00e3o Paulo e que, ap\u00f3s sua quinta edi\u00e7\u00e3o, faria surgir a exposi\u00e7\u00e3o tcheca. Uma documenta\u00e7\u00e3o in\u00e9dita, com amplo resgate documental e iconogr\u00e1fico, comp\u00f5e esta tese e serve como fundamental objeto de estudo para reconhecer qual a posi\u00e7\u00e3o do traje c\u00eanico nesta trajet\u00f3ria de vinte edi\u00e7\u00f5es, constru\u00edda ao longo de 58 anos, para possibilitar a investiga\u00e7\u00e3o da hip\u00f3tese desta tese: confirmar se, no hist\u00f3rico da participa\u00e7\u00e3o brasileira, entre 1987 e 2003 &#8211; quando a representa\u00e7\u00e3o do pa\u00eds esteve aos cuidados do cen\u00f3grafo J. C. Serroni &#8211; houve algum tipo de prefer\u00eancia curatorial por artistas e\/ou trabalhos cujos trajes de cena tenham refor\u00e7ado uma poss\u00edvel presen\u00e7a de influ\u00eancia na constru\u00e7\u00e3o da imagem do figurino teatral de acordo com estere\u00f3tipos da cultura brasileira, em destaque as caracter\u00edsticas est\u00e9ticas do Carnaval.<\/p><p>Link:\u00a0<a href=\"https:\/\/www.teses.usp.br\/teses\/disponiveis\/27\/27156\/tde-22092016-153159\/pt-br.php\">https:\/\/www.teses.usp.br\/teses\/disponiveis\/27\/27156\/tde-22092016-153159\/pt-br.php<\/a><\/p>\t\t\t\t\t\t\t\t<\/div>\n\t\t\t\t<\/div>\n\t\t\t\t<div class=\"elementor-element elementor-element-fa03c0e elementor--star-style-star_fontawesome elementor-widget elementor-widget-star-rating\" data-id=\"fa03c0e\" data-element_type=\"widget\" data-e-type=\"widget\" data-widget_type=\"star-rating.default\">\n\t\t\t\t<div class=\"elementor-widget-container\">\n\t\t\t\t\t\t\t<div class=\"elementor-star-rating__wrapper\">\n\t\t\t\t\t\t<div class=\"elementor-star-rating\" itemtype=\"http:\/\/schema.org\/Rating\" itemscope=\"\" itemprop=\"reviewRating\">\n\t\t\t\t<i class=\"elementor-star-full\" aria-hidden=\"true\">&#xE934;<\/i><i class=\"elementor-star-full\" aria-hidden=\"true\">&#xE934;<\/i><i class=\"elementor-star-full\" aria-hidden=\"true\">&#xE934;<\/i><i class=\"elementor-star-full\" aria-hidden=\"true\">&#xE934;<\/i><i class=\"elementor-star-full\" aria-hidden=\"true\">&#xE934;<\/i>\t\t\t\t<span itemprop=\"ratingValue\" class=\"elementor-screen-only\">Rated 5 out of 5<\/span>\n\t\t\t<\/div>\n\t\t<\/div>\n\t\t\t\t\t\t<\/div>\n\t\t\t\t<\/div>\n\t\t\t\t\t<\/div>\n\t\t<\/div>\n\t\t\t\t\t<\/div>\n\t\t<\/section>\n\t\t\t\t<\/div>\n\t\t","protected":false},"excerpt":{"rendered":"<p>ROCHA, Rosane Muniz. Um panorama do traje teatral brasileiro na quadrienal de Praga (1967-2015).\u00a0Tese (Doutorado em Teoria e Pr\u00e1tica do Teatro) &#8211; Universidade de S\u00e3o Paulo, 2016. Palavras-chave: Bienal de S\u00e3o Paulo, Carnaval, Cenografia, Figurino, Quadrienal de Praga, Traje de &hellip; <a href=\"https:\/\/utfpr.curitiba.br\/bibliotecadesigncenico\/?p=1356\">Continue lendo <span class=\"meta-nav\">&rarr;<\/span><\/a><\/p>\n","protected":false},"author":4,"featured_media":0,"comment_status":"closed","ping_status":"","sticky":false,"template":"","format":"standard","meta":{"footnotes":""},"categories":[4],"tags":[356,357,20,26,358,42],"class_list":["post-1356","post","type-post","status-publish","format-standard","hentry","category-figurino","tag-bienal-de-sao-paulo","tag-carnaval","tag-cenografia","tag-figurino","tag-quadrienal-de-praga","tag-traje-de-cena"],"_links":{"self":[{"href":"https:\/\/utfpr.curitiba.br\/bibliotecadesigncenico\/index.php?rest_route=\/wp\/v2\/posts\/1356","targetHints":{"allow":["GET"]}}],"collection":[{"href":"https:\/\/utfpr.curitiba.br\/bibliotecadesigncenico\/index.php?rest_route=\/wp\/v2\/posts"}],"about":[{"href":"https:\/\/utfpr.curitiba.br\/bibliotecadesigncenico\/index.php?rest_route=\/wp\/v2\/types\/post"}],"author":[{"embeddable":true,"href":"https:\/\/utfpr.curitiba.br\/bibliotecadesigncenico\/index.php?rest_route=\/wp\/v2\/users\/4"}],"replies":[{"embeddable":true,"href":"https:\/\/utfpr.curitiba.br\/bibliotecadesigncenico\/index.php?rest_route=%2Fwp%2Fv2%2Fcomments&post=1356"}],"version-history":[{"count":4,"href":"https:\/\/utfpr.curitiba.br\/bibliotecadesigncenico\/index.php?rest_route=\/wp\/v2\/posts\/1356\/revisions"}],"predecessor-version":[{"id":1361,"href":"https:\/\/utfpr.curitiba.br\/bibliotecadesigncenico\/index.php?rest_route=\/wp\/v2\/posts\/1356\/revisions\/1361"}],"wp:attachment":[{"href":"https:\/\/utfpr.curitiba.br\/bibliotecadesigncenico\/index.php?rest_route=%2Fwp%2Fv2%2Fmedia&parent=1356"}],"wp:term":[{"taxonomy":"category","embeddable":true,"href":"https:\/\/utfpr.curitiba.br\/bibliotecadesigncenico\/index.php?rest_route=%2Fwp%2Fv2%2Fcategories&post=1356"},{"taxonomy":"post_tag","embeddable":true,"href":"https:\/\/utfpr.curitiba.br\/bibliotecadesigncenico\/index.php?rest_route=%2Fwp%2Fv2%2Ftags&post=1356"}],"curies":[{"name":"wp","href":"https:\/\/api.w.org\/{rel}","templated":true}]}}