{"id":1339,"date":"2021-06-15T02:14:38","date_gmt":"2021-06-15T05:14:38","guid":{"rendered":"https:\/\/bibliotecadesigncenico.ct.utfpr.edu.br\/?p=1339"},"modified":"2021-06-15T02:16:28","modified_gmt":"2021-06-15T05:16:28","slug":"anais-da-v-jornada-nacional-arquitetura-teatro-e-cultura","status":"publish","type":"post","link":"https:\/\/utfpr.curitiba.br\/bibliotecadesigncenico\/?p=1339","title":{"rendered":"Anais da V Jornada Nacional Arquitetura, Teatro e Cultura"},"content":{"rendered":"\n<p><\/p>\n\n\n\n<p>ANAIS DOS TEXTOS COMPLETOS V JORNADA NACIONAL ARQUITETURA, TEATRO E CULTURA &#8211; 04 \u00e0 06 DE SETEMBRO DE 2019<\/p>\n\n\n\n<p>Evelyn F. W. Lima (org);  Adilson Florentino (org); Regilan Deusamar Pereira (org)<\/p>\n\n\n\n<p>Laborat\u00f3rio de Estudos do Espa\u00e7o Teatral e Mem\u00f3ria Urbana, Programa de P\u00f3s-Gradua\u00e7\u00e3o em Artes C\u00eanicas \u2013 PPGAC, Universidade Federal do Estado do Rio de Janeiro \u2013 UNIRIO<\/p>\n\n\n\n<p><em>SUM\u00c1RIO<\/em><br>CONFER\u00caNCIA: Ismael Scheffler &#8211; Considera\u00e7\u00f5es sobre quatro bases pedag\u00f3gicas referenciais do Laborat\u00f3rio de Estudo do<br>Movimento <\/p>\n\n\n\n<p><br>MESA REDONDA &#8211; Arquitetura, Teatro e Cultura &#8211; Coord. Fab\u00edola Zonno<br>Carlos Eduardo Ribeiro Silveira &#8211; Fl\u00e1vio Imp\u00e9rio, Poeta do Espa\u00e7o: A Reforma do Teatro Oficina e as Cenografias Inusitadas 28<br>Evelyn Furquim Werneck Lima &#8211; A historiografia da arquitetura teatral no Brasil: poucos estudiosos envolvidos 41<br>Maria Cristina Cabral &#8211; Modos de produ\u00e7\u00e3o: Museus, Arte E Cultura 50<br>Carolina Lyra &#8211; Arquitetura e Teatro: A antropofagia e a perda da \u00e1gorafobia 64<br><\/p>\n\n\n\n<p>MESA REDONDA &#8211; Espa\u00e7o, cidade e cenografias &#8211; Coord. Leonardo Mesentier<br>Liliane Ferreira Mundim &#8211; Reflex\u00f5es sobre O Coletivo Cantareira &#8211; Movimento pelas tradi\u00e7\u00f5es e mem\u00f3rias da ilha de<br>Paquet\u00e1 73<br>Joana Navall\u00e9 &#8211; Ah, Se eu fosse esse rio e soubesse falar\u2026experimentos c\u00eanicos na cidade hist\u00f3rica de Laranjeiras 83<br>Sara Fagundes &#8211; Ocupa\u00e7\u00e3o #6 Terras &#8211; Entre o teatro \u00c9pico e o teatro Performativo, A Cidade 93<br><br><\/p>\n\n\n\n<p>MESA REDONDA &#8211; Arquitetura, Teatro e Artes Visuais &#8211; Coord. Ana Bulh\u00f5es<br>Elizabeth Motta Jacob &#8211; No arquip\u00e9lago das sensa\u00e7\u00f5es: A visualidade h\u00e1ptica nas fotografias da performance \u201cA voz do<br>ralo \u00e9 voz de Deus 110<br>Maria Odette Monteiro Teixeira &#8211; Raul Pederneiras no palco do Teatro Apollo 122<br>Leonardo Munk &#8211; Do desprest\u00edgio do observador \u00e0 apoteose da experi\u00eancia: Uma breve genealogia 133<br>Regilan Deusamar Barbosa Pereira &#8211; Por tempos mais justos, um olhar sobre a cenografia e a doc\u00eancia de Helio Eichbauer 142<br><\/p>\n\n\n\n<p>CONFER\u00caNCIA &#8211; Andr\u00e9a Renck &#8211; Transforma\u00e7\u00f5es na est\u00e9tica da cena brasileira nos anos 1960 e 1970: estudo de quatro obras<br>c\u00eanicas de Marcos Flaksman. 156<br><\/p>\n\n\n\n<p>MESA REDONDA &#8211; Pedagogias e Pr\u00e1ticas Teatrais &#8211; Coord. Leonardo Munk<br>Adilson Florentino &#8211; A pedagogia do teatro e a experi\u00eancia sens\u00edvel no espa\u00e7o da cidade \u2013 algumas<br>problematiza\u00e7\u00f5es reflexivas 171<br><\/p>\n\n\n\n<p>MESA REDONDA &#8211; Hist\u00f3ria e Historiografia &#8211; Coord. Tania Brand\u00e3o<br>Henrique Buarque de Gusm\u00e3o &#8211; A hist\u00f3ria em busca do corpo: sobre as potencialidades de uma hist\u00f3ria dos atores 183<br>Cl\u00e1udio Guilarduci &#8211; Uma Pr\u00e1tica da pesquisa em teatro: a imagem dial\u00e9tica benjaminiana 193<br>Angela de Castro Reis &#8211; Dos edif\u00edcios teatrais \u00e0s ondas do r\u00e1dio: apontamentos sobre atua\u00e7\u00e3o no teatro carioca da primeira<br>metade do s\u00e9culo XX 205<br>Ana Paula Brasil Guedes &#8211; A m\u00e1gica no Rio De Janeiro, o assombroso desaparecimento de um g\u00eanero 215<br><\/p>\n\n\n\n<p>MESA REDONDA &#8211; Cenografia e Arquitetura &#8211; Coord. Lidia Kosovski<br>Luiz Henrique S\u00e1 &#8211; Teatro e imagens: buraco negro, buraco de minhoca 229<br>Francisco Jos\u00e9 Cabral Leoc\u00e1dio &#8211; A cidade que cabe no palco e vice-versa 238<br>Niuxa Drago &#8211; Ateli\u00ea Morphosis: expografia e cenografia estudos sobre o tempo e o cubo 250<br><\/p>\n\n\n\n<p>CONFER\u00caNCIA &#8211; Doris Rollemberg &#8211; Os Teatros Da Am\u00e9rica Latina \u2013 TTLA-TELA 259<\/p>\n\n\n\n<p><a href=\"http:\/\/www.unirio.br\/espacoteatral\/arquivos\/evento-extensao\/AnaisVjornadaNacionaldeArquiteturaTeatroeCultura.pdf\">http:\/\/www.unirio.br\/espacoteatral\/arquivos\/evento-extensao\/AnaisVjornadaNacionaldeArquiteturaTeatroeCultura.pdf<\/a> <\/p>\n","protected":false},"excerpt":{"rendered":"<p>ANAIS DOS TEXTOS COMPLETOS V JORNADA NACIONAL ARQUITETURA, TEATRO E CULTURA &#8211; 04 \u00e0 06 DE SETEMBRO DE 2019 Evelyn F. W. Lima (org); Adilson Florentino (org); Regilan Deusamar Pereira (org) Laborat\u00f3rio de Estudos do Espa\u00e7o Teatral e Mem\u00f3ria Urbana, &hellip; <a href=\"https:\/\/utfpr.curitiba.br\/bibliotecadesigncenico\/?p=1339\">Continue lendo <span class=\"meta-nav\">&rarr;<\/span><\/a><\/p>\n","protected":false},"author":2,"featured_media":0,"comment_status":"closed","ping_status":"closed","sticky":false,"template":"","format":"standard","meta":{"footnotes":""},"categories":[2,3,355],"tags":[],"class_list":["post-1339","post","type-post","status-publish","format-standard","hentry","category-arquitetura-teatral","category-cenografia","category-dossies-revistas-e-anais"],"_links":{"self":[{"href":"https:\/\/utfpr.curitiba.br\/bibliotecadesigncenico\/index.php?rest_route=\/wp\/v2\/posts\/1339","targetHints":{"allow":["GET"]}}],"collection":[{"href":"https:\/\/utfpr.curitiba.br\/bibliotecadesigncenico\/index.php?rest_route=\/wp\/v2\/posts"}],"about":[{"href":"https:\/\/utfpr.curitiba.br\/bibliotecadesigncenico\/index.php?rest_route=\/wp\/v2\/types\/post"}],"author":[{"embeddable":true,"href":"https:\/\/utfpr.curitiba.br\/bibliotecadesigncenico\/index.php?rest_route=\/wp\/v2\/users\/2"}],"replies":[{"embeddable":true,"href":"https:\/\/utfpr.curitiba.br\/bibliotecadesigncenico\/index.php?rest_route=%2Fwp%2Fv2%2Fcomments&post=1339"}],"version-history":[{"count":1,"href":"https:\/\/utfpr.curitiba.br\/bibliotecadesigncenico\/index.php?rest_route=\/wp\/v2\/posts\/1339\/revisions"}],"predecessor-version":[{"id":1340,"href":"https:\/\/utfpr.curitiba.br\/bibliotecadesigncenico\/index.php?rest_route=\/wp\/v2\/posts\/1339\/revisions\/1340"}],"wp:attachment":[{"href":"https:\/\/utfpr.curitiba.br\/bibliotecadesigncenico\/index.php?rest_route=%2Fwp%2Fv2%2Fmedia&parent=1339"}],"wp:term":[{"taxonomy":"category","embeddable":true,"href":"https:\/\/utfpr.curitiba.br\/bibliotecadesigncenico\/index.php?rest_route=%2Fwp%2Fv2%2Fcategories&post=1339"},{"taxonomy":"post_tag","embeddable":true,"href":"https:\/\/utfpr.curitiba.br\/bibliotecadesigncenico\/index.php?rest_route=%2Fwp%2Fv2%2Ftags&post=1339"}],"curies":[{"name":"wp","href":"https:\/\/api.w.org\/{rel}","templated":true}]}}