{"id":1328,"date":"2021-06-15T01:18:57","date_gmt":"2021-06-15T04:18:57","guid":{"rendered":"https:\/\/bibliotecadesigncenico.ct.utfpr.edu.br\/?p=1328"},"modified":"2021-06-15T01:51:24","modified_gmt":"2021-06-15T04:51:24","slug":"dossie-a-luz-em-cena-criacao-e-estetica-aspectos-teoricos-e-praticos-revista-urdimento","status":"publish","type":"post","link":"https:\/\/utfpr.curitiba.br\/bibliotecadesigncenico\/?p=1328","title":{"rendered":"Dossi\u00ea A luz em cena: cria\u00e7\u00e3o e est\u00e9tica &#8211; aspectos te\u00f3ricos e pr\u00e1ticos &#8211; Revista Urdimento"},"content":{"rendered":"\n<p><strong>Revista Urdimento \u2013 Revista de Estudos em Artes C\u00eanicas \u2013 Dossi\u00ea Tem\u00e1tico Dossi\u00ea A luz em cena: cria\u00e7\u00e3o e est\u00e9tica &#8211; aspectos te\u00f3ricos e pr\u00e1ticos\u00a0<\/strong>\u2013 v. 1 n. 31 (2018) <\/p>\n\n\n\n<p><em>A Luz em Cena \u2013 Um encontro iluminado<\/em> &#8211; Ivo Godois, Vera Colla\u00e7o 272-290<\/p>\n\n\n\n<p><em>O iluminador do Teatro \u00c1lvaro de Carvalho e do Teatro Ilh\u00e9u<\/em> &#8211; Ivo Godois 311-322 <\/p>\n\n\n\n<p> <em>Mestres da ilumina\u00e7\u00e3o c\u00eanica moderna nos palcos brasileiros <\/em>&#8211; Ivo Godois, Priscila Costa 323-340<\/p>\n\n\n\n<p><em>A luz c\u00eanica como vis\u00e3o espiritual: Gordon Craig e o design por s\u00edmbolos<\/em> &#8211; Alberto Luiz Morgado, Paulo C\u00e9sar Balardim Borges 007-019  <\/p>\n\n\n\n<p><em>Por uma hist\u00f3ria do pensamento sobre o fazer da ilumina\u00e7\u00e3o c\u00eanica moderna: a cena al\u00e9m do humano <\/em>&#8211; Berilo Luigi Deir\u00f3 Nosella 020-037  <\/p>\n\n\n\n<p><em>A experi\u00eancia da cor-luz: um ambiente c\u00eanico de H\u00e9lio Oiticica para um show de Gilberto Gil <\/em>&#8211; C\u00e1ssia Maria Fernandes Monteiro 038-062  <\/p>\n\n\n\n<p><em>A eletricidade entra em cena<\/em> &#8211; Cibele Forjaz Sim\u00f5es 063-077  <\/p>\n\n\n\n<p><em>Ilumina\u00e7\u00e3o c\u00eanica e estudos acad\u00eamicos: teoria, praxis e imagem <\/em>&#8211; Eduardo Augusto da Silva Tudella 078-094  <\/p>\n\n\n\n<p><em>Luz e sombra: constru\u00e7\u00f5es imag\u00e9ticas de Dom Casmurro na TV<\/em> &#8211; Evelin Gomes da Silva, Paulo Cust\u00f3dio de Oliveira 095-112  <\/p>\n\n\n\n<p><em>Luz-personagem: duas possibilidades c\u00f4micas de rela\u00e7\u00e3o entre atua\u00e7\u00e3o e ilumina\u00e7\u00e3o<\/em> &#8211; Felipe Braccialli, M\u00e1rio Ferreira Piragibe 113-129 <\/p>\n\n\n\n<p><em>O percurso cont\u00ednuo do processo criativo da luz<\/em> &#8211; Jociel Carvalho Teixeira, Fernando Lira X\u00edmenes 130-139 <\/p>\n\n\n\n<p><em>De como iluminar no projeto Palco Girat\u00f3rio: um relato errante sobre a aprendizagem em ilumina\u00e7\u00e3o c\u00eanica<\/em> &#8211; Jose Jackson Silva 140-151  <\/p>\n\n\n\n<p><em>Ilumina\u00e7\u00e3o c\u00eanica: espa\u00e7o, luz e corpos em foco<\/em> &#8211; Laura Maria de Figueiredo 152-161  <\/p>\n\n\n\n<p><em>Notas sobre a luz performativa em Darwin<\/em> &#8211; Nadia Moroz Luciani 162-177  <\/p>\n\n\n\n<p><em>Di\u00e1logos de luz: A performance do iluminador e a performatividade da luz<\/em> &#8211; Natasha Kerolen Leite da Silva 178-196  <\/p>\n\n\n\n<p><em>A ilumina\u00e7\u00e3o c\u00eanica em contextos de forma\u00e7\u00e3o: Apps e equipamentos digitais na era da ind\u00fastria 4.0 <\/em>&#8211; Pedro Dultra Benevides, Jos\u00e9 Mauro Ribeiro 197-208 PDF <\/p>\n\n\n\n<p><em>A escrita e a n\u00e3o escrita da luz<\/em> &#8211; Roberto Gil Camargo 216-224  <\/p>\n\n\n\n<p><em>Ensaio sobre \u201cSer dispositivo ou ser agenciamento\u201d &#8211; Uma cole\u00e7\u00e3o de Nike, dramaturgia, pol\u00edtica e outros itens <\/em>&#8211; Eduardo de Almeida Santos 225-236 <\/p>\n\n\n\n<figure class=\"wp-block-embed\"><div class=\"wp-block-embed__wrapper\">\nhttps:\/\/www.revistas.udesc.br\/index.php\/urdimento\/issue\/view\/571\n<\/div><\/figure>\n","protected":false},"excerpt":{"rendered":"<p>Revista Urdimento \u2013 Revista de Estudos em Artes C\u00eanicas \u2013 Dossi\u00ea Tem\u00e1tico Dossi\u00ea A luz em cena: cria\u00e7\u00e3o e est\u00e9tica &#8211; aspectos te\u00f3ricos e pr\u00e1ticos\u00a0\u2013 v. 1 n. 31 (2018) A Luz em Cena \u2013 Um encontro iluminado &#8211; Ivo &hellip; <a href=\"https:\/\/utfpr.curitiba.br\/bibliotecadesigncenico\/?p=1328\">Continue lendo <span class=\"meta-nav\">&rarr;<\/span><\/a><\/p>\n","protected":false},"author":2,"featured_media":0,"comment_status":"closed","ping_status":"closed","sticky":false,"template":"","format":"standard","meta":{"footnotes":""},"categories":[355,5],"tags":[],"class_list":["post-1328","post","type-post","status-publish","format-standard","hentry","category-dossies-revistas-e-anais","category-iluminacao"],"_links":{"self":[{"href":"https:\/\/utfpr.curitiba.br\/bibliotecadesigncenico\/index.php?rest_route=\/wp\/v2\/posts\/1328","targetHints":{"allow":["GET"]}}],"collection":[{"href":"https:\/\/utfpr.curitiba.br\/bibliotecadesigncenico\/index.php?rest_route=\/wp\/v2\/posts"}],"about":[{"href":"https:\/\/utfpr.curitiba.br\/bibliotecadesigncenico\/index.php?rest_route=\/wp\/v2\/types\/post"}],"author":[{"embeddable":true,"href":"https:\/\/utfpr.curitiba.br\/bibliotecadesigncenico\/index.php?rest_route=\/wp\/v2\/users\/2"}],"replies":[{"embeddable":true,"href":"https:\/\/utfpr.curitiba.br\/bibliotecadesigncenico\/index.php?rest_route=%2Fwp%2Fv2%2Fcomments&post=1328"}],"version-history":[{"count":1,"href":"https:\/\/utfpr.curitiba.br\/bibliotecadesigncenico\/index.php?rest_route=\/wp\/v2\/posts\/1328\/revisions"}],"predecessor-version":[{"id":1329,"href":"https:\/\/utfpr.curitiba.br\/bibliotecadesigncenico\/index.php?rest_route=\/wp\/v2\/posts\/1328\/revisions\/1329"}],"wp:attachment":[{"href":"https:\/\/utfpr.curitiba.br\/bibliotecadesigncenico\/index.php?rest_route=%2Fwp%2Fv2%2Fmedia&parent=1328"}],"wp:term":[{"taxonomy":"category","embeddable":true,"href":"https:\/\/utfpr.curitiba.br\/bibliotecadesigncenico\/index.php?rest_route=%2Fwp%2Fv2%2Fcategories&post=1328"},{"taxonomy":"post_tag","embeddable":true,"href":"https:\/\/utfpr.curitiba.br\/bibliotecadesigncenico\/index.php?rest_route=%2Fwp%2Fv2%2Ftags&post=1328"}],"curies":[{"name":"wp","href":"https:\/\/api.w.org\/{rel}","templated":true}]}}