{"id":1326,"date":"2021-06-15T01:04:41","date_gmt":"2021-06-15T04:04:41","guid":{"rendered":"https:\/\/bibliotecadesigncenico.ct.utfpr.edu.br\/?p=1326"},"modified":"2021-08-24T10:12:39","modified_gmt":"2021-08-24T13:12:39","slug":"dossie-poeticas-e-esteticas-da-iluminacao-cenica-revista-urdimento","status":"publish","type":"post","link":"https:\/\/utfpr.curitiba.br\/bibliotecadesigncenico\/?p=1326","title":{"rendered":"Dossi\u00ea Po\u00e9ticas e est\u00e9ticas da ilumina\u00e7\u00e3o c\u00eanica &#8211; Revista Urdimento"},"content":{"rendered":"\n<p><strong>Revista Urdimento \u2013 Revista de Estudos em Artes C\u00eanicas \u2013 Dossi\u00ea Tem\u00e1tico Po\u00e9ticas e est\u00e9ticas da ilumina\u00e7\u00e3o c\u00eanica\u00a0<\/strong>\u2013 v. 2 n. 23 (2014)<\/p>\n\n\n\n<p><em>Luz Criativa \u2013 o legado de Appia e as cenografias intermidi\u00e1ticas de Hotel Pro Forma<\/em> &#8211; Birgit Wiens, Tradutor: Stephan Baumg\u00e4rtel 219 &#8211; 243  <\/p>\n\n\n\n<p><em>Que haja luz. A constru\u00e7\u00e3o do espa\u00e7o a partir da luz \u2013 a luz como meio da encena\u00e7\u00e3o <\/em>&#8211; Erika Fischer-Lichte, Tradutor: Stephan Baumg\u00e4rtel 244 &#8211; 250<\/p>\n\n\n\n<p><em>Uma luz no Teatro de Sombras: relato de uma oficina de constru\u00e7\u00e3o de equipamentos artesanais para ilumina\u00e7\u00e3o c\u00eanica<\/em> &#8211; Alex de Souza 006 &#8211; 016  <\/p>\n\n\n\n<p><em>A luz \u2013 elemento primordial no Teatro de Sombras<\/em> &#8211; Fabiana Lazzari de Oliveira, Valmor Beltrame 017 &#8211; 030  <\/p>\n\n\n\n<p><em>Fiat lux: a vida \u00e9 um pisca-pisca &#8211; Sobre ilumina\u00e7\u00e3o c\u00eanica \u00e0 luz das anima\u00e7\u00f5es<\/em> &#8211; F\u00e1bio Henrique Nunes Medeiros 031 &#8211; 050  <\/p>\n\n\n\n<p><em>Luz para al\u00e9m do clar\u00e3o<\/em> &#8211; Flaviana Xavier Antunes Sampaio 051 &#8211; 062<\/p>\n\n\n\n<figure class=\"wp-block-embed\"><div class=\"wp-block-embed__wrapper\">\nhttps:\/\/www.revistas.udesc.br\/index.php\/urdimento\/issue\/view\/315\n<\/div><\/figure>\n","protected":false},"excerpt":{"rendered":"<p>Revista Urdimento \u2013 Revista de Estudos em Artes C\u00eanicas \u2013 Dossi\u00ea Tem\u00e1tico Po\u00e9ticas e est\u00e9ticas da ilumina\u00e7\u00e3o c\u00eanica\u00a0\u2013 v. 2 n. 23 (2014) Luz Criativa \u2013 o legado de Appia e as cenografias intermidi\u00e1ticas de Hotel Pro Forma &#8211; Birgit &hellip; <a href=\"https:\/\/utfpr.curitiba.br\/bibliotecadesigncenico\/?p=1326\">Continue lendo <span class=\"meta-nav\">&rarr;<\/span><\/a><\/p>\n","protected":false},"author":2,"featured_media":0,"comment_status":"closed","ping_status":"closed","sticky":false,"template":"","format":"standard","meta":{"footnotes":""},"categories":[355],"tags":[],"class_list":["post-1326","post","type-post","status-publish","format-standard","hentry","category-dossies-revistas-e-anais"],"_links":{"self":[{"href":"https:\/\/utfpr.curitiba.br\/bibliotecadesigncenico\/index.php?rest_route=\/wp\/v2\/posts\/1326","targetHints":{"allow":["GET"]}}],"collection":[{"href":"https:\/\/utfpr.curitiba.br\/bibliotecadesigncenico\/index.php?rest_route=\/wp\/v2\/posts"}],"about":[{"href":"https:\/\/utfpr.curitiba.br\/bibliotecadesigncenico\/index.php?rest_route=\/wp\/v2\/types\/post"}],"author":[{"embeddable":true,"href":"https:\/\/utfpr.curitiba.br\/bibliotecadesigncenico\/index.php?rest_route=\/wp\/v2\/users\/2"}],"replies":[{"embeddable":true,"href":"https:\/\/utfpr.curitiba.br\/bibliotecadesigncenico\/index.php?rest_route=%2Fwp%2Fv2%2Fcomments&post=1326"}],"version-history":[{"count":1,"href":"https:\/\/utfpr.curitiba.br\/bibliotecadesigncenico\/index.php?rest_route=\/wp\/v2\/posts\/1326\/revisions"}],"predecessor-version":[{"id":1327,"href":"https:\/\/utfpr.curitiba.br\/bibliotecadesigncenico\/index.php?rest_route=\/wp\/v2\/posts\/1326\/revisions\/1327"}],"wp:attachment":[{"href":"https:\/\/utfpr.curitiba.br\/bibliotecadesigncenico\/index.php?rest_route=%2Fwp%2Fv2%2Fmedia&parent=1326"}],"wp:term":[{"taxonomy":"category","embeddable":true,"href":"https:\/\/utfpr.curitiba.br\/bibliotecadesigncenico\/index.php?rest_route=%2Fwp%2Fv2%2Fcategories&post=1326"},{"taxonomy":"post_tag","embeddable":true,"href":"https:\/\/utfpr.curitiba.br\/bibliotecadesigncenico\/index.php?rest_route=%2Fwp%2Fv2%2Ftags&post=1326"}],"curies":[{"name":"wp","href":"https:\/\/api.w.org\/{rel}","templated":true}]}}