{"id":1324,"date":"2021-06-15T00:51:56","date_gmt":"2021-06-15T03:51:56","guid":{"rendered":"https:\/\/bibliotecadesigncenico.ct.utfpr.edu.br\/?p=1324"},"modified":"2021-06-15T02:18:53","modified_gmt":"2021-06-15T05:18:53","slug":"dossie-teatro-de-animacao-revista-urdimento","status":"publish","type":"post","link":"https:\/\/utfpr.curitiba.br\/bibliotecadesigncenico\/?p=1324","title":{"rendered":"Dossi\u00ea Teatro de Anima\u00e7\u00e3o &#8211; Revista Urdimento"},"content":{"rendered":"\n<p><strong>Revista Urdimento &#8211; Revista de Estudos em Artes C\u00eanicas &#8211; Dossi\u00ea Tem\u00e1tico Teatro de Anima\u00e7\u00e3o <\/strong>&#8211; v. 2 n. 32 (2018)<\/p>\n\n\n\n<p><em>Editorial<\/em> &#8211; Vera Colla\u00e7o, Valmor Nini Beltrame 004-006  <\/p>\n\n\n\n<p><em>Editorial del Dossier &#8211; Formaci\u00f3n en Teatro de Animaci\u00f3n: Los buenos vientos de Targoviste, Rumania<\/em>&#8211; Tito Lorefice 007-011  (Espa\u00f1ol (Espa\u00f1a)) \/ <em>Dossier Editorial &#8211; Training in Animation Theater: The good winds of Targoviste, Romania <\/em>&#8211; Tito Lorefice 007-011  (English) <\/p>\n\n\n\n<p><em>PRO-VOCA\u00c7\u00c3O MARIONETES Encontros Internacionais de Forma\u00e7\u00e3o nas Artes da Marionete <\/em>&#8211; Irina Niculescu 012-027  \/ <em>PRO-VOCATION MARIONNETTES Les Rencontres Internationales sur la Formation aux Arts de la Marionnette<\/em> &#8211; Irina Niculescu 012-027 PDF (Fran\u00e7ais (France)) <\/p>\n\n\n\n<p><em>Ser ou n\u00e3o ser\u2026 um marionetista<\/em> &#8211; Anca Doina Ciabotaru 028-034  \/ <em>To Be or Not to Be\u2026 a Professional Puppeteer<\/em> &#8211; Anca Doina Ciabotaru 028-034  (English) <\/p>\n\n\n\n<p><em>Di\u00e1logos entre tradi\u00e7\u00e3o e contemporaneidade no processo de cria\u00e7\u00e3o de Jongo Mamulengo <\/em>&#8211; Adriana Schneider Alcure 035-047  \/ <em>Dialogues between tradition and contemporaneity in the Jongo Mamulengo creation process<\/em> &#8211; Adriana Schneider Alcure 035-047  (English) <\/p>\n\n\n\n<p><em>Tradi\u00e7\u00e3o e inova\u00e7\u00e3o: provoca\u00e7\u00f5es<\/em> &#8211; Cariad Astles 048-055  \/ <em>Tradition and innovation: provocations<\/em> &#8211; Cariad Astles 048-055  (English) <\/p>\n\n\n\n<p><em>A marionete, ou a mimeses complexa\/\/ A complexidade das \u201cfiguras\u201d no teatro enquanto \u201cmimese\u201d<\/em> &#8211; Didier Plassard, Cristina Grazioli 056-072 \/ <em>La marionnette, ou la mim\u00e9sis complexe\/\/ La complexit\u00e9 des \u00ab figures \u00bb dans le th\u00e9\u00e2tre en tant que \u00ab mimesis \u00bb<\/em> &#8211; Didier Plassard, Cristina Grazioli 056-072  (Fran\u00e7ais (France)) <\/p>\n\n\n\n<p><em>Disciplinaridade versus interdisciplinaridade<\/em> &#8211; Fabrizio Montecchi 073-082  \/ <em>Disciplinarity versus interdisciplinarity<\/em> &#8211;  Fabrizio Montecchi 073-082  (English) <\/p>\n\n\n\n<p><em>A Forma\u00e7\u00e3o nas Artes da Marionete no contexto da companhia Arketal em Cannes<\/em>, Fran\u00e7a &#8211; Greta Bruggeman 083-094  \/ <em>La Formation aux Arts de Marionnette dans le cadre de la Compagnie Arketal \u00e0 Cannes France<\/em> &#8211; Greta Bruggeman 083-094  (Fran\u00e7ais (France)) <\/p>\n\n\n\n<p><em>Processos de transmiss\u00e3o de tradi\u00e7\u00f5es: campos de tens\u00e3o entre rigores e rupturas<\/em> &#8211; Izabela Brochado 095-102  \/ <em>Processes of transmission of traditions: fields of tension between rigors and ruptures<\/em> &#8211; Izabela Brochado 095-102  (English) <\/p>\n\n\n\n<p><em>Objeto, corpo, espa\u00e7o, e\u2026 Provoca\u00e7\u00f5es sobre dramaturgia e forma\u00e7\u00e3o no Teatro de Anima\u00e7\u00e3o<\/em> &#8211; Mario Ferreira Piragibe 103-111 <\/p>\n\n\n\n<p><em>Como plantar um boneco no cora\u00e7\u00e3o de algu\u00e9m? &#8211; Desafios para o ensino do teatro de anima\u00e7\u00e3o na Universidade <\/em>&#8211; Miguel Vellinho 112-124  <\/p>\n\n\n\n<p><em>How to seed a puppet in someone&#8217;s heart? &#8211; Challenges of teaching puppetry techniques at the University<\/em> &#8211; Miguel Vellinho 112-124  (English) <\/p>\n\n\n\n<p><em>Bonecos e audiovisual, uma proposi\u00e7\u00e3o pedag\u00f3gica<\/em> &#8211; Paulo Balardim 125-142<\/p>\n\n\n\n<p><em>At\u00e9 que ponto a experi\u00eancia art\u00edstica, em particular a de Teatro de Marionetes, permite o surgimento de habilidades pessoais?<\/em> &#8211; Philippe Choulet 143-158  \/ <em>Dans quelle mesure l\u2019exp\u00e9rience artistique, en particulier celle du th\u00e9\u00e2tre de marionnettes, permet-elle l\u2019\u00e9mergence des comp\u00e9tences personnelles? <\/em>&#8211; Philippe Choulet 143-158 (Fran\u00e7ais (France)) <\/p>\n\n\n\n<p><em>M\u00e1scara, corpo e cidade: fric\u00e7\u00f5es de uma reescritura c\u00eanica<\/em> &#8211; Alexandre Borin Antunes, In\u00eas Alcaraz Marocco 159-174  <\/p>\n\n\n\n<p><em>Puesta en escena objetual e interactiva<\/em> &#8211; Ana Mar\u00eda Alvarado 175-182  (Espa\u00f1ol (Espa\u00f1a)) <\/p>\n\n\n\n<p><em>Mulheres &amp; O Mamulengo\u2013 um estudo de caso em Gl\u00f3ria do Goit\u00e1<\/em> \u2013 PE Barbara Duarte Benatti, Izabela Brochado 183-196  <\/p>\n\n\n\n<p><em>Temas dramat\u00fargicos sobre Teatro de Objetos: o Retorno a Juberlano<\/em> &#8211; Caroline Holanda 197-215  <\/p>\n\n\n\n<p><em>Corpo-sombra e alguns princ\u00edpios necess\u00e1rios para o trabalho da atriz no Teatro de Sombras<\/em> &#8211; Fabiana Lazzari de Oliveira 216-237  <\/p>\n\n\n\n<p><em>Proposi\u00e7\u00f5es da dire\u00e7\u00e3o teatral para uma pedagogia com recursos do teatro de anima\u00e7\u00e3o e\/ou da dramaturgia da imagem<\/em> &#8211; F\u00e1bio Henrique Nunes Medeiros 238-257  <\/p>\n\n\n\n<p><em>Laborat\u00f3rio Objetos Perform\u00e1ticos: Das performances itinerantes ao teatro de sombras no campo expandido<\/em> &#8211; Gilson Moraes Motta 258-278  <\/p>\n\n\n\n<p><em>A m\u00e1scara neutra e Jacques Lecoq: considera\u00e7\u00f5es hist\u00f3ricas, pl\u00e1sticas e pedag\u00f3gicas<\/em> &#8211; Ismael Scheffler 279-304  <\/p>\n\n\n\n<p><em>Practicar la desorganizaci\u00f3n del mundo &#8211; La experiencia del Taller de dramaturgia en teatro de objetos <\/em>&#8211; Javier Swedzky 305-312  (Espa\u00f1ol (Espa\u00f1a)) <\/p>\n\n\n\n<p><em>O objeto e a produ\u00e7\u00e3o de imagens. Mem\u00f3ria\/imagina\u00e7\u00e3o no processo criativo do espet\u00e1culo &#8220;A Vida Nos Traz Presentes Inesperados&#8221;<\/em> &#8211; Jos\u00e9 Oliveira Parente 313-329  <\/p>\n\n\n\n<p><em>A forma\u00e7\u00e3o do dalang em Bali: o marionetista no teatro de sombras wayang kulit<\/em> &#8211; Juliana Coelho de Souza Ladeira 330-347  <\/p>\n\n\n\n<p><em>\u201cE eis-nos vogando sobre um mar de encantamento!\u201d O Teatro de Anima\u00e7\u00e3o como refer\u00eancia para o ator e o bailarino<\/em> &#8211; Leandro Alves da Silva, Cl\u00f3vis Dias Massa 348-363  <\/p>\n\n\n\n<p><em>O lugar dos objetos c\u00eanicos nas encena\u00e7\u00f5es de Eid Ribeiro junto ao Armatrux<\/em> &#8211; Luciano Fl\u00e1vio de Oliveira 364-383  <\/p>\n\n\n\n<p><em>Contribui\u00e7\u00f5es \u00e0 leitura do objeto em cena <\/em>&#8211; Maria de F\u00e1tima Souza Moretti 384-396  <\/p>\n\n\n\n<p><em>Objetos obsoletos como elementos de composi\u00e7\u00e3o dramat\u00fargica em Autom\u00e1kina- universo deslizante do Grupo Teatral de Pernas Pro Ar (RS<\/em>) &#8211;  Maysa Carvalho Gon\u00e7alves, Paulo Balardim 397-409 <\/p>\n\n\n\n<p><em>Camadas de gestos: estrat\u00e9gias para problematizar a rela\u00e7\u00e3o entre corpo e  e objeto no Teatro de Anima\u00e7\u00e3o<\/em> &#8211; Roberto Douglas Queiroz Gorgati 410-424  <\/p>\n\n\n\n<p><em>A for\u00e7a po\u00e9tica na mem\u00f3ria dos objetos<\/em> &#8211; Sandra Vargas 425-434  <\/p>\n\n\n\n<p><em>Las im\u00e1genes y objetos en la escena expandida<\/em> &#8211; Silvia Elena Maldini 435-445  (Espa\u00f1ol (Espa\u00f1a)) <\/p>\n\n\n\n<p><em>Margareta Niculescu: percurso e ideias sobre a forma\u00e7\u00e3o profissional do marionetista<\/em> &#8211; Valmor N\u00edni Beltrame 446-460  <\/p>\n\n\n\n<p><em>O teatro visual como teatro performativo<\/em> &#8211; Wagner Cintra 461-475 <\/p>\n\n\n\n<figure class=\"wp-block-embed\"><div class=\"wp-block-embed__wrapper\">\nhttps:\/\/www.revistas.udesc.br\/index.php\/urdimento\/issue\/view\/572\n<\/div><\/figure>\n","protected":false},"excerpt":{"rendered":"<p>Revista Urdimento &#8211; Revista de Estudos em Artes C\u00eanicas &#8211; Dossi\u00ea Tem\u00e1tico Teatro de Anima\u00e7\u00e3o &#8211; v. 2 n. 32 (2018) Editorial &#8211; Vera Colla\u00e7o, Valmor Nini Beltrame 004-006 Editorial del Dossier &#8211; Formaci\u00f3n en Teatro de Animaci\u00f3n: Los buenos &hellip; <a href=\"https:\/\/utfpr.curitiba.br\/bibliotecadesigncenico\/?p=1324\">Continue lendo <span class=\"meta-nav\">&rarr;<\/span><\/a><\/p>\n","protected":false},"author":2,"featured_media":0,"comment_status":"closed","ping_status":"closed","sticky":false,"template":"","format":"standard","meta":{"footnotes":""},"categories":[355,9],"tags":[],"class_list":["post-1324","post","type-post","status-publish","format-standard","hentry","category-dossies-revistas-e-anais","category-teatro-de-formas-animadas"],"_links":{"self":[{"href":"https:\/\/utfpr.curitiba.br\/bibliotecadesigncenico\/index.php?rest_route=\/wp\/v2\/posts\/1324","targetHints":{"allow":["GET"]}}],"collection":[{"href":"https:\/\/utfpr.curitiba.br\/bibliotecadesigncenico\/index.php?rest_route=\/wp\/v2\/posts"}],"about":[{"href":"https:\/\/utfpr.curitiba.br\/bibliotecadesigncenico\/index.php?rest_route=\/wp\/v2\/types\/post"}],"author":[{"embeddable":true,"href":"https:\/\/utfpr.curitiba.br\/bibliotecadesigncenico\/index.php?rest_route=\/wp\/v2\/users\/2"}],"replies":[{"embeddable":true,"href":"https:\/\/utfpr.curitiba.br\/bibliotecadesigncenico\/index.php?rest_route=%2Fwp%2Fv2%2Fcomments&post=1324"}],"version-history":[{"count":2,"href":"https:\/\/utfpr.curitiba.br\/bibliotecadesigncenico\/index.php?rest_route=\/wp\/v2\/posts\/1324\/revisions"}],"predecessor-version":[{"id":1341,"href":"https:\/\/utfpr.curitiba.br\/bibliotecadesigncenico\/index.php?rest_route=\/wp\/v2\/posts\/1324\/revisions\/1341"}],"wp:attachment":[{"href":"https:\/\/utfpr.curitiba.br\/bibliotecadesigncenico\/index.php?rest_route=%2Fwp%2Fv2%2Fmedia&parent=1324"}],"wp:term":[{"taxonomy":"category","embeddable":true,"href":"https:\/\/utfpr.curitiba.br\/bibliotecadesigncenico\/index.php?rest_route=%2Fwp%2Fv2%2Fcategories&post=1324"},{"taxonomy":"post_tag","embeddable":true,"href":"https:\/\/utfpr.curitiba.br\/bibliotecadesigncenico\/index.php?rest_route=%2Fwp%2Fv2%2Ftags&post=1324"}],"curies":[{"name":"wp","href":"https:\/\/api.w.org\/{rel}","templated":true}]}}