{"id":1318,"date":"2021-06-14T23:39:39","date_gmt":"2021-06-15T02:39:39","guid":{"rendered":"https:\/\/bibliotecadesigncenico.ct.utfpr.edu.br\/?p=1318"},"modified":"2021-06-15T01:52:36","modified_gmt":"2021-06-15T04:52:36","slug":"dossie-dramaturgias-no-teatro-de-formas-animadas-revista-dramaturgias","status":"publish","type":"post","link":"https:\/\/utfpr.curitiba.br\/bibliotecadesigncenico\/?p=1318","title":{"rendered":"Dossi\u00ea Dramaturgias no Teatro de Formas Animadas &#8211; Revista Dramaturgias"},"content":{"rendered":"\n<p><strong>Revista Dramaturgias<\/strong>\u00a0\u2013\u00a0<em>Dossi\u00ea Dramaturgias no Teatro de Formas Animadas<\/em>, n. 16 (2021) \u2013 Revista do Laborat\u00f3rio de Dramaturgia | LADI \u2013 UnB<\/p>\n\n\n\n<p><\/p>\n\n\n\n<p><em>Apresenta\u00e7\u00e3o<\/em> &#8211; Izabela Brochado 11-15 <\/p>\n\n\n\n<p><em>Dramaturgy for the puppet theatre yesterday and today<\/em> &#8211; John McCormick 16-29 <\/p>\n\n\n\n<p><em>Th\u00e9\u00e2tre de marionnettes et Dramaturgie: trois cas d\u2019\u00e9tude<\/em> &#8211; Christine Zurbach 30-46<\/p>\n\n\n\n<p><em>El teatro popular de t\u00edteres de guante<\/em> &#8211; Toni Rumbau 47-59 <\/p>\n\n\n\n<p><em>La Estaca de Polichinela en seis escenas y diez ilustraciones<\/em> &#8211; Paco Paricio 60-70 <\/p>\n\n\n\n<p><em>El Pa\u00eds de La Fanfarria<\/em> &#8211; Jorge Luis P\u00e9rez Valencia 71-86 <\/p>\n\n\n\n<p><em>Creating Communitas: African American Doll Bloggers Animate Black Dolls as Sites of Signification<\/em> &#8211; Paulette Richards 87-109 <\/p>\n\n\n\n<p><em>As m\u00e1scaras do espet\u00e1culo OCO e contribui\u00e7\u00f5es na dramaturgia visual<\/em> &#8211; Ismael Scheffler 110-127<\/p>\n\n\n\n<p> <em>A hist\u00f3ria dos vencidos: O Teatro de Objetos na constru\u00e7\u00e3o do espet\u00e1culo S\u00f3, do Grupo Sobrevento<\/em> &#8211; Kely Elias de Castro 128-143 <\/p>\n\n\n\n<p><em>Vozes de abrigo: uma montagem h\u00edbrida com teatro musical, teatro de anima\u00e7\u00e3o e dramaturgia da imagem (anota\u00e7\u00f5es)<\/em> &#8211; F\u00e1bio Henrique Nunes Medeiros 144- 172 <\/p>\n\n\n\n<p><em>Mamulengo de la Mancha: Cervantes em Mamulengo e Sombra (Entrevista com Marcos Pena)<\/em> &#8211; Erivelto da Rocha Carvalho &amp; Maria Oliveira Villar de Queiroz 173-187 <\/p>\n\n\n\n<p><em>Reflex\u00f5es sobre o Teatro de Anima\u00e7\u00e3o na Universidade brasileira<\/em> &#8211; Mario Ferreira Piragibe &amp; Jailson Ara\u00fajo Carvalho 188-205<\/p>\n\n\n\n<figure class=\"wp-block-embed\"><div class=\"wp-block-embed__wrapper\">\nhttps:\/\/periodicos.unb.br\/index.php\/dramaturgias\/issue\/view\/2211\n<\/div><\/figure>\n","protected":false},"excerpt":{"rendered":"<p>Revista Dramaturgias\u00a0\u2013\u00a0Dossi\u00ea Dramaturgias no Teatro de Formas Animadas, n. 16 (2021) \u2013 Revista do Laborat\u00f3rio de Dramaturgia | LADI \u2013 UnB Apresenta\u00e7\u00e3o &#8211; Izabela Brochado 11-15 Dramaturgy for the puppet theatre yesterday and today &#8211; John McCormick 16-29 Th\u00e9\u00e2tre de &hellip; <a href=\"https:\/\/utfpr.curitiba.br\/bibliotecadesigncenico\/?p=1318\">Continue lendo <span class=\"meta-nav\">&rarr;<\/span><\/a><\/p>\n","protected":false},"author":2,"featured_media":0,"comment_status":"closed","ping_status":"closed","sticky":false,"template":"","format":"standard","meta":{"footnotes":""},"categories":[355,9],"tags":[],"class_list":["post-1318","post","type-post","status-publish","format-standard","hentry","category-dossies-revistas-e-anais","category-teatro-de-formas-animadas"],"_links":{"self":[{"href":"https:\/\/utfpr.curitiba.br\/bibliotecadesigncenico\/index.php?rest_route=\/wp\/v2\/posts\/1318","targetHints":{"allow":["GET"]}}],"collection":[{"href":"https:\/\/utfpr.curitiba.br\/bibliotecadesigncenico\/index.php?rest_route=\/wp\/v2\/posts"}],"about":[{"href":"https:\/\/utfpr.curitiba.br\/bibliotecadesigncenico\/index.php?rest_route=\/wp\/v2\/types\/post"}],"author":[{"embeddable":true,"href":"https:\/\/utfpr.curitiba.br\/bibliotecadesigncenico\/index.php?rest_route=\/wp\/v2\/users\/2"}],"replies":[{"embeddable":true,"href":"https:\/\/utfpr.curitiba.br\/bibliotecadesigncenico\/index.php?rest_route=%2Fwp%2Fv2%2Fcomments&post=1318"}],"version-history":[{"count":1,"href":"https:\/\/utfpr.curitiba.br\/bibliotecadesigncenico\/index.php?rest_route=\/wp\/v2\/posts\/1318\/revisions"}],"predecessor-version":[{"id":1319,"href":"https:\/\/utfpr.curitiba.br\/bibliotecadesigncenico\/index.php?rest_route=\/wp\/v2\/posts\/1318\/revisions\/1319"}],"wp:attachment":[{"href":"https:\/\/utfpr.curitiba.br\/bibliotecadesigncenico\/index.php?rest_route=%2Fwp%2Fv2%2Fmedia&parent=1318"}],"wp:term":[{"taxonomy":"category","embeddable":true,"href":"https:\/\/utfpr.curitiba.br\/bibliotecadesigncenico\/index.php?rest_route=%2Fwp%2Fv2%2Fcategories&post=1318"},{"taxonomy":"post_tag","embeddable":true,"href":"https:\/\/utfpr.curitiba.br\/bibliotecadesigncenico\/index.php?rest_route=%2Fwp%2Fv2%2Ftags&post=1318"}],"curies":[{"name":"wp","href":"https:\/\/api.w.org\/{rel}","templated":true}]}}