{"id":1313,"date":"2021-06-14T23:26:42","date_gmt":"2021-06-15T02:26:42","guid":{"rendered":"https:\/\/bibliotecadesigncenico.ct.utfpr.edu.br\/?p=1313"},"modified":"2021-08-24T10:12:20","modified_gmt":"2021-08-24T13:12:20","slug":"dossie-musica-e-cena-do-theatre-du-soleil-revista-dramaturgias","status":"publish","type":"post","link":"https:\/\/utfpr.curitiba.br\/bibliotecadesigncenico\/?p=1313","title":{"rendered":"Dossi\u00ea M\u00fasica e cena do Th\u00e9\u00e2tre du Soleil &#8211; Revista Dramaturgias"},"content":{"rendered":"\n<p><strong>Revista Dramaturgias<\/strong> &#8211; <em>Dossi\u00ea M\u00fasica e cena do Th\u00e9\u00e2tre du Soleil<\/em>, n. 14 (2020) &#8211; Revista do Laborat\u00f3rio de Dramaturgia | LADI &#8211; UnB<\/p>\n\n\n\n<p><em>Apresenta\u00e7\u00e3o do Dossi\u00ea M\u00fasica e cena do Th\u00e9\u00e2tre du Soleil <\/em>&#8211; Marcello Amalfi 12-15<\/p>\n\n\n\n<p> <em>O ator \u00e9 o solista<\/em> &#8211; Jean-Marc Quillet 16-29 <\/p>\n\n\n\n<p><em>Jean-Jacques Lem\u00eatre: Som, Po\u00e9tica e Escuta <\/em>30-48 <\/p>\n\n\n\n<p><em>A chi servono gli esercizi di Jeans-Jacques Lemetre?<\/em> 49-53 <\/p>\n\n\n\n<p><em>Jean-Jacques Lem\u00eatre e a escuta do inaud\u00edvel: princ\u00edpios e procedimentos que permeiam suas atividades dentro e fora do Th\u00e9\u00e2tre du Soleil<\/em> 54-69 <\/p>\n\n\n\n<p><em>Ariane Mnouchkine au Br\u00e9sil: Impress\u00f5es sobre um inusitado encontro entre os teatros do Brasil, da Fran\u00e7a e do Canad\u00e1<\/em> 70-76 <\/p>\n\n\n\n<p><em>Ariane Mnouchkine faz renascer Les Belles-soeurs no Brasil<\/em> &#8211; Jean-Gabriel Carasso e Carlos Fragateiro 77-83 <\/p>\n\n\n\n<p><em>As Comadres: Ariane Mnouchkine dirige no Brasil<\/em> &#8211; Julia Carrera 84-102 <\/p>\n\n\n\n<p><em>Pedagogia da c\u00f3pia e As Comadres<\/em> &#8211; Ana Achcar 103-114 <\/p>\n\n\n\n<p><em>Uma atriz para toda obra &#8211; Juliana Carneiro da Cunha<\/em> &#8211; Fausto Viana 115-130 <\/p>\n\n\n\n<p><em>Kuddiyattam e o Th\u00e9\u00e2tre Du Soleil: a escuta na \u201cM\u00fasica do Teatro\u201d <\/em>&#8211; Marilyn C. Nunes e Alexandre S. Rosa 131-140 <\/p>\n\n\n\n<p><em>Shakuntala (processo de montagem primeira mostra em 2019)<\/em> &#8211; Alexandre Rosa e Marilyn Nunes 141-149 <\/p>\n\n\n\n<p><em>A cria\u00e7\u00e3o coletiva e os trajes de cena do Th\u00e9\u00e2tre du Soleil <\/em>150-166<\/p>\n\n\n\n<p><em>Uma expedi\u00e7\u00e3o ao Th\u00e9\u00e2tre du Soleil: Em busca dos figurinos de Ariane Mnouchkine<\/em> &#8211; Fausto Viana 150-166<\/p>\n\n\n\n<figure class=\"wp-block-embed\"><div class=\"wp-block-embed__wrapper\">\nhttps:\/\/periodicos.unb.br\/index.php\/dramaturgias\/issue\/view\/2131\n<\/div><\/figure>\n","protected":false},"excerpt":{"rendered":"<p>Revista Dramaturgias &#8211; Dossi\u00ea M\u00fasica e cena do Th\u00e9\u00e2tre du Soleil, n. 14 (2020) &#8211; Revista do Laborat\u00f3rio de Dramaturgia | LADI &#8211; UnB Apresenta\u00e7\u00e3o do Dossi\u00ea M\u00fasica e cena do Th\u00e9\u00e2tre du Soleil &#8211; Marcello Amalfi 12-15 O ator &hellip; <a href=\"https:\/\/utfpr.curitiba.br\/bibliotecadesigncenico\/?p=1313\">Continue lendo <span class=\"meta-nav\">&rarr;<\/span><\/a><\/p>\n","protected":false},"author":2,"featured_media":0,"comment_status":"closed","ping_status":"closed","sticky":false,"template":"","format":"standard","meta":{"footnotes":""},"categories":[355,7],"tags":[],"class_list":["post-1313","post","type-post","status-publish","format-standard","hentry","category-dossies-revistas-e-anais","category-sonoplastia"],"_links":{"self":[{"href":"https:\/\/utfpr.curitiba.br\/bibliotecadesigncenico\/index.php?rest_route=\/wp\/v2\/posts\/1313","targetHints":{"allow":["GET"]}}],"collection":[{"href":"https:\/\/utfpr.curitiba.br\/bibliotecadesigncenico\/index.php?rest_route=\/wp\/v2\/posts"}],"about":[{"href":"https:\/\/utfpr.curitiba.br\/bibliotecadesigncenico\/index.php?rest_route=\/wp\/v2\/types\/post"}],"author":[{"embeddable":true,"href":"https:\/\/utfpr.curitiba.br\/bibliotecadesigncenico\/index.php?rest_route=\/wp\/v2\/users\/2"}],"replies":[{"embeddable":true,"href":"https:\/\/utfpr.curitiba.br\/bibliotecadesigncenico\/index.php?rest_route=%2Fwp%2Fv2%2Fcomments&post=1313"}],"version-history":[{"count":2,"href":"https:\/\/utfpr.curitiba.br\/bibliotecadesigncenico\/index.php?rest_route=\/wp\/v2\/posts\/1313\/revisions"}],"predecessor-version":[{"id":1315,"href":"https:\/\/utfpr.curitiba.br\/bibliotecadesigncenico\/index.php?rest_route=\/wp\/v2\/posts\/1313\/revisions\/1315"}],"wp:attachment":[{"href":"https:\/\/utfpr.curitiba.br\/bibliotecadesigncenico\/index.php?rest_route=%2Fwp%2Fv2%2Fmedia&parent=1313"}],"wp:term":[{"taxonomy":"category","embeddable":true,"href":"https:\/\/utfpr.curitiba.br\/bibliotecadesigncenico\/index.php?rest_route=%2Fwp%2Fv2%2Fcategories&post=1313"},{"taxonomy":"post_tag","embeddable":true,"href":"https:\/\/utfpr.curitiba.br\/bibliotecadesigncenico\/index.php?rest_route=%2Fwp%2Fv2%2Ftags&post=1313"}],"curies":[{"name":"wp","href":"https:\/\/api.w.org\/{rel}","templated":true}]}}