{"id":1307,"date":"2021-06-15T09:00:00","date_gmt":"2021-06-15T12:00:00","guid":{"rendered":"https:\/\/bibliotecadesigncenico.ct.utfpr.edu.br\/?p=1307"},"modified":"2021-06-14T15:41:48","modified_gmt":"2021-06-14T18:41:48","slug":"o-bumba-meu-boi-do-grupo-dancas-brasileiras-gracinha-uma-experiencia-de-arte-educacao-com-criancas-e-jovens","status":"publish","type":"post","link":"https:\/\/utfpr.curitiba.br\/bibliotecadesigncenico\/?p=1307","title":{"rendered":"O Bumba meu boi do grupo Dan\u00e7as Brasileiras Gracinha: uma experi\u00eancia de arte-educa\u00e7\u00e3o com crian\u00e7as e jovens"},"content":{"rendered":"\t\t<div data-elementor-type=\"wp-post\" data-elementor-id=\"1307\" class=\"elementor elementor-1307\">\n\t\t\t\t\t\t<section class=\"elementor-section elementor-top-section elementor-element elementor-element-0c91c7a elementor-section-boxed elementor-section-height-default elementor-section-height-default\" data-id=\"0c91c7a\" data-element_type=\"section\" data-e-type=\"section\">\n\t\t\t\t\t\t<div class=\"elementor-container elementor-column-gap-default\">\n\t\t\t\t\t<div class=\"elementor-column elementor-col-100 elementor-top-column elementor-element elementor-element-4d91cec\" data-id=\"4d91cec\" data-element_type=\"column\" data-e-type=\"column\">\n\t\t\t<div class=\"elementor-widget-wrap elementor-element-populated\">\n\t\t\t\t\t\t<div class=\"elementor-element elementor-element-0eb13a9 elementor-widget elementor-widget-text-editor\" data-id=\"0eb13a9\" data-element_type=\"widget\" data-e-type=\"widget\" data-widget_type=\"text-editor.default\">\n\t\t\t\t<div class=\"elementor-widget-container\">\n\t\t\t\t\t\t\t\t\t<p><span data-sheets-value=\"{\" data-sheets-userformat=\"{\">CARVALHO, Luciana Coin de. <strong>O Bumba meu boi do grupo Dan\u00e7as Brasileiras Gracinha: uma experi\u00eancia de arte-educa\u00e7\u00e3o com crian\u00e7as e jovens<\/strong>. Disserta\u00e7\u00e3o (Mestrado Artes C\u00eanicas) &#8211; UNESP, 2012.<\/span><\/p><p>Palavras-chave: <span data-sheets-value=\"{\" data-sheets-userformat=\"{\">Arte e educa\u00e7\u00e3o; Bumba-Meu-Boi; Bumba-meu-boi na arte; Educa\u00e7\u00e3o n\u00e3o-formal; Dan\u00e7as folcloricas brasileiras; Cultura popular.<\/span><\/p><p>Resumo: <span data-sheets-value=\"{\" data-sheets-userformat=\"{\">Esta disserta\u00e7\u00e3o apresenta a experi\u00eancia do Grupo de Dan\u00e7as Brasileiras Gracinha e localiza essa proposta nos contextos brasileiros de arte-educa\u00e7\u00e3o e de educa\u00e7\u00e3o n\u00e3o formal. O Grupo de Dan\u00e7as Brasileiras Gracinha \u00e9 formado por crian\u00e7as e jovens que frequentam o Centro de Conviv\u00eancia Gracinha, no bairro Jd. Campo Belo, em S\u00e3o Paulo. Esse Grupo realiza, h\u00e1 treze anos, apresenta\u00e7\u00f5es de dan\u00e7as brasileiras, sendo o Bumba meu boi o folguedo que deu in\u00edcio a essa atividade. Al\u00e9m do espet\u00e1culo, tamb\u00e9m organizam o ciclo de festas rituais do Bumba meu boi \u2013 Renascer, Batizado e Morte \u2013, com expl\u00edcita refer\u00eancia ao folguedo que acontece no estado do Maranh\u00e3o. Para realizar esse estudo, acompanhei e registrei os ensaios, apresenta\u00e7\u00f5es e festas do Grupo de Dan\u00e7as Brasileiras Gracinha, entre mar\u00e7o de 2010 e junho de 2011. Tamb\u00e9m realizei entrevistas com os educadores e crian\u00e7as diretamente envolvidos nesse projeto. E, finalmente, procurei colocar essa experi\u00eancia no centro de uma reflex\u00e3o sobre a presen\u00e7a das manifesta\u00e7\u00f5es da cultura popular em projetos sociais e educacionais.<\/span><\/p><p>Link: <a href=\"http:\/\/hdl.handle.net\/11449\/86852\">http:\/\/hdl.handle.net\/11449\/86852<\/a><\/p>\t\t\t\t\t\t\t\t<\/div>\n\t\t\t\t<\/div>\n\t\t\t\t<div class=\"elementor-element elementor-element-ed5d1b5 elementor--star-style-star_fontawesome elementor-widget elementor-widget-star-rating\" data-id=\"ed5d1b5\" data-element_type=\"widget\" data-e-type=\"widget\" data-widget_type=\"star-rating.default\">\n\t\t\t\t<div class=\"elementor-widget-container\">\n\t\t\t\t\t\t\t<div class=\"elementor-star-rating__wrapper\">\n\t\t\t\t\t\t<div class=\"elementor-star-rating\" itemtype=\"http:\/\/schema.org\/Rating\" itemscope=\"\" itemprop=\"reviewRating\">\n\t\t\t\t<i class=\"elementor-star-full\" aria-hidden=\"true\">&#xE934;<\/i><i class=\"elementor-star-full\" aria-hidden=\"true\">&#xE934;<\/i><i class=\"elementor-star-full\" aria-hidden=\"true\">&#xE934;<\/i><i class=\"elementor-star-full\" aria-hidden=\"true\">&#xE934;<\/i><i class=\"elementor-star-full\" aria-hidden=\"true\">&#xE934;<\/i>\t\t\t\t<span itemprop=\"ratingValue\" class=\"elementor-screen-only\">Rated 5 out of 5<\/span>\n\t\t\t<\/div>\n\t\t<\/div>\n\t\t\t\t\t\t<\/div>\n\t\t\t\t<\/div>\n\t\t\t\t\t<\/div>\n\t\t<\/div>\n\t\t\t\t\t<\/div>\n\t\t<\/section>\n\t\t\t\t<\/div>\n\t\t","protected":false},"excerpt":{"rendered":"<p>CARVALHO, Luciana Coin de. O Bumba meu boi do grupo Dan\u00e7as Brasileiras Gracinha: uma experi\u00eancia de arte-educa\u00e7\u00e3o com crian\u00e7as e jovens. Disserta\u00e7\u00e3o (Mestrado Artes C\u00eanicas) &#8211; UNESP, 2012. Palavras-chave: Arte e educa\u00e7\u00e3o; Bumba-Meu-Boi; Bumba-meu-boi na arte; Educa\u00e7\u00e3o n\u00e3o-formal; Dan\u00e7as folcloricas &hellip; <a href=\"https:\/\/utfpr.curitiba.br\/bibliotecadesigncenico\/?p=1307\">Continue lendo <span class=\"meta-nav\">&rarr;<\/span><\/a><\/p>\n","protected":false},"author":5,"featured_media":0,"comment_status":"closed","ping_status":"","sticky":false,"template":"","format":"standard","meta":{"footnotes":""},"categories":[9],"tags":[],"class_list":["post-1307","post","type-post","status-publish","format-standard","hentry","category-teatro-de-formas-animadas"],"_links":{"self":[{"href":"https:\/\/utfpr.curitiba.br\/bibliotecadesigncenico\/index.php?rest_route=\/wp\/v2\/posts\/1307","targetHints":{"allow":["GET"]}}],"collection":[{"href":"https:\/\/utfpr.curitiba.br\/bibliotecadesigncenico\/index.php?rest_route=\/wp\/v2\/posts"}],"about":[{"href":"https:\/\/utfpr.curitiba.br\/bibliotecadesigncenico\/index.php?rest_route=\/wp\/v2\/types\/post"}],"author":[{"embeddable":true,"href":"https:\/\/utfpr.curitiba.br\/bibliotecadesigncenico\/index.php?rest_route=\/wp\/v2\/users\/5"}],"replies":[{"embeddable":true,"href":"https:\/\/utfpr.curitiba.br\/bibliotecadesigncenico\/index.php?rest_route=%2Fwp%2Fv2%2Fcomments&post=1307"}],"version-history":[{"count":4,"href":"https:\/\/utfpr.curitiba.br\/bibliotecadesigncenico\/index.php?rest_route=\/wp\/v2\/posts\/1307\/revisions"}],"predecessor-version":[{"id":1311,"href":"https:\/\/utfpr.curitiba.br\/bibliotecadesigncenico\/index.php?rest_route=\/wp\/v2\/posts\/1307\/revisions\/1311"}],"wp:attachment":[{"href":"https:\/\/utfpr.curitiba.br\/bibliotecadesigncenico\/index.php?rest_route=%2Fwp%2Fv2%2Fmedia&parent=1307"}],"wp:term":[{"taxonomy":"category","embeddable":true,"href":"https:\/\/utfpr.curitiba.br\/bibliotecadesigncenico\/index.php?rest_route=%2Fwp%2Fv2%2Fcategories&post=1307"},{"taxonomy":"post_tag","embeddable":true,"href":"https:\/\/utfpr.curitiba.br\/bibliotecadesigncenico\/index.php?rest_route=%2Fwp%2Fv2%2Ftags&post=1307"}],"curies":[{"name":"wp","href":"https:\/\/api.w.org\/{rel}","templated":true}]}}