{"id":1302,"date":"2021-06-15T09:00:00","date_gmt":"2021-06-15T12:00:00","guid":{"rendered":"https:\/\/bibliotecadesigncenico.ct.utfpr.edu.br\/?p=1302"},"modified":"2021-06-14T15:38:57","modified_gmt":"2021-06-14T18:38:57","slug":"imagens-marionetaveis-o-boneco-nos-cruzamentos-da-arte-e-da-comunicacao","status":"publish","type":"post","link":"https:\/\/utfpr.curitiba.br\/bibliotecadesigncenico\/?p=1302","title":{"rendered":"Imagens Marionet\u00e1veis \u2013 O Boneco nos Cruzamentos da Arte e da Comunica\u00e7\u00e3o"},"content":{"rendered":"\t\t<div data-elementor-type=\"wp-post\" data-elementor-id=\"1302\" class=\"elementor elementor-1302\">\n\t\t\t\t\t\t<section class=\"elementor-section elementor-top-section elementor-element elementor-element-c8cc143 elementor-section-boxed elementor-section-height-default elementor-section-height-default\" data-id=\"c8cc143\" data-element_type=\"section\" data-e-type=\"section\">\n\t\t\t\t\t\t<div class=\"elementor-container elementor-column-gap-default\">\n\t\t\t\t\t<div class=\"elementor-column elementor-col-100 elementor-top-column elementor-element elementor-element-9bf4f1b\" data-id=\"9bf4f1b\" data-element_type=\"column\" data-e-type=\"column\">\n\t\t\t<div class=\"elementor-widget-wrap elementor-element-populated\">\n\t\t\t\t\t\t<div class=\"elementor-element elementor-element-f998e95 elementor-widget elementor-widget-text-editor\" data-id=\"f998e95\" data-element_type=\"widget\" data-e-type=\"widget\" data-widget_type=\"text-editor.default\">\n\t\t\t\t<div class=\"elementor-widget-container\">\n\t\t\t\t\t\t\t\t\t<p><span data-sheets-value=\"{\" data-sheets-userformat=\"{\">BUENO, Yara Marina Baungarten. <strong>Imagens Marionet\u00e1veis \u2013 O Boneco nos Cruzamentos da Arte e da Comunica\u00e7\u00e3o<\/strong>. Disserta\u00e7\u00e3o (Mestrado em Comunica\u00e7\u00e3o Social). PUC-RS, 2014.<\/span><\/p><p>Palavras-chave: Bonecos; Teatro; Cinema; Televis\u00e3o; Imagin\u00e1rio.<\/p><p>Resumo: Esta pesquisa tem como objetivo relacionar a figura do boneco nos produtos audiovisuais realizados a partir dos anos 1890 at\u00e9 a primeira d\u00e9cada do s\u00e9culo 21, investigando ocorr\u00eancias desde o teatro, passando pelo cinema at\u00e9 chegar \u00e0 televis\u00e3o. Nesse sentido, \u00e9 tra\u00e7ado um panorama hist\u00f3rico das artes e da comunica\u00e7\u00e3o para dar conta, na p\u00f3s-modernidade, de uma presen\u00e7a que faz refer\u00eancia \u00e0s manifesta\u00e7\u00f5es culturais do imagin\u00e1rio. Para balizar o presente estudo, elege-se a Sociologia Compreensiva, proposta por Michel Maffesoli, como aporte metodol\u00f3gico. S\u00e3o enfocados ent\u00e3o conceitos que dizem respeito \u00e0s linguagens de cada \u00e1rea, estruturando conex\u00f5es entre as t\u00e9cnicas e os conte\u00fados e citando exemplos de como o boneco tem sido utilizado como personagem ao longo da Hist\u00f3ria da comunica\u00e7\u00e3o humana. Em rela\u00e7\u00e3o \u00e0s tem\u00e1ticas, recorre-se ao pensamento de autores como Gilbert Durand, Edgar Morin, R\u00e9gis Debray, Marshall McLuhan, Johan Huizinga, Roger Caillois, John Bell, Ana Maria Amaral, al\u00e9m de Michel Maffesoli, para auxiliar nas perspectivas do imagin\u00e1rio, do teatro de bonecos, do cinema e da televis\u00e3o. De acordo com esta abordagem, s\u00e3o por fim analisados tr\u00eas casos de programas televisivos, os norte-americanos The Muppet Show e Frango Rob\u00f4 e o brasileiro Pandorga, veiculados nos \u00faltimos 40 anos, que demonstram os cruzamentos dos campos e do pensamento em prol da cria\u00e7\u00e3o de conte\u00fados visuais contempor\u00e2neos.<\/p><p>Link: <a href=\"http:\/\/tede2.pucrs.br\/tede2\/handle\/tede\/4567\">http:\/\/tede2.pucrs.br\/tede2\/handle\/tede\/4567<\/a><\/p>\t\t\t\t\t\t\t\t<\/div>\n\t\t\t\t<\/div>\n\t\t\t\t<div class=\"elementor-element elementor-element-e826511 elementor--star-style-star_fontawesome elementor-widget elementor-widget-star-rating\" data-id=\"e826511\" data-element_type=\"widget\" data-e-type=\"widget\" data-widget_type=\"star-rating.default\">\n\t\t\t\t<div class=\"elementor-widget-container\">\n\t\t\t\t\t\t\t<div class=\"elementor-star-rating__wrapper\">\n\t\t\t\t\t\t<div class=\"elementor-star-rating\" itemtype=\"http:\/\/schema.org\/Rating\" itemscope=\"\" itemprop=\"reviewRating\">\n\t\t\t\t<i class=\"elementor-star-full\" aria-hidden=\"true\">&#xE934;<\/i><i class=\"elementor-star-full\" aria-hidden=\"true\">&#xE934;<\/i><i class=\"elementor-star-full\" aria-hidden=\"true\">&#xE934;<\/i><i class=\"elementor-star-full\" aria-hidden=\"true\">&#xE934;<\/i><i class=\"elementor-star-full\" aria-hidden=\"true\">&#xE934;<\/i>\t\t\t\t<span itemprop=\"ratingValue\" class=\"elementor-screen-only\">Rated 5 out of 5<\/span>\n\t\t\t<\/div>\n\t\t<\/div>\n\t\t\t\t\t\t<\/div>\n\t\t\t\t<\/div>\n\t\t\t\t\t<\/div>\n\t\t<\/div>\n\t\t\t\t\t<\/div>\n\t\t<\/section>\n\t\t\t\t<\/div>\n\t\t","protected":false},"excerpt":{"rendered":"<p>BUENO, Yara Marina Baungarten. Imagens Marionet\u00e1veis \u2013 O Boneco nos Cruzamentos da Arte e da Comunica\u00e7\u00e3o. Disserta\u00e7\u00e3o (Mestrado em Comunica\u00e7\u00e3o Social). PUC-RS, 2014. Palavras-chave: Bonecos; Teatro; Cinema; Televis\u00e3o; Imagin\u00e1rio. Resumo: Esta pesquisa tem como objetivo relacionar a figura do boneco &hellip; <a href=\"https:\/\/utfpr.curitiba.br\/bibliotecadesigncenico\/?p=1302\">Continue lendo <span class=\"meta-nav\">&rarr;<\/span><\/a><\/p>\n","protected":false},"author":5,"featured_media":0,"comment_status":"closed","ping_status":"","sticky":false,"template":"","format":"standard","meta":{"footnotes":""},"categories":[9],"tags":[],"class_list":["post-1302","post","type-post","status-publish","format-standard","hentry","category-teatro-de-formas-animadas"],"_links":{"self":[{"href":"https:\/\/utfpr.curitiba.br\/bibliotecadesigncenico\/index.php?rest_route=\/wp\/v2\/posts\/1302","targetHints":{"allow":["GET"]}}],"collection":[{"href":"https:\/\/utfpr.curitiba.br\/bibliotecadesigncenico\/index.php?rest_route=\/wp\/v2\/posts"}],"about":[{"href":"https:\/\/utfpr.curitiba.br\/bibliotecadesigncenico\/index.php?rest_route=\/wp\/v2\/types\/post"}],"author":[{"embeddable":true,"href":"https:\/\/utfpr.curitiba.br\/bibliotecadesigncenico\/index.php?rest_route=\/wp\/v2\/users\/5"}],"replies":[{"embeddable":true,"href":"https:\/\/utfpr.curitiba.br\/bibliotecadesigncenico\/index.php?rest_route=%2Fwp%2Fv2%2Fcomments&post=1302"}],"version-history":[{"count":4,"href":"https:\/\/utfpr.curitiba.br\/bibliotecadesigncenico\/index.php?rest_route=\/wp\/v2\/posts\/1302\/revisions"}],"predecessor-version":[{"id":1306,"href":"https:\/\/utfpr.curitiba.br\/bibliotecadesigncenico\/index.php?rest_route=\/wp\/v2\/posts\/1302\/revisions\/1306"}],"wp:attachment":[{"href":"https:\/\/utfpr.curitiba.br\/bibliotecadesigncenico\/index.php?rest_route=%2Fwp%2Fv2%2Fmedia&parent=1302"}],"wp:term":[{"taxonomy":"category","embeddable":true,"href":"https:\/\/utfpr.curitiba.br\/bibliotecadesigncenico\/index.php?rest_route=%2Fwp%2Fv2%2Fcategories&post=1302"},{"taxonomy":"post_tag","embeddable":true,"href":"https:\/\/utfpr.curitiba.br\/bibliotecadesigncenico\/index.php?rest_route=%2Fwp%2Fv2%2Ftags&post=1302"}],"curies":[{"name":"wp","href":"https:\/\/api.w.org\/{rel}","templated":true}]}}