{"id":1296,"date":"2021-06-15T09:00:00","date_gmt":"2021-06-15T12:00:00","guid":{"rendered":"https:\/\/bibliotecadesigncenico.ct.utfpr.edu.br\/?p=1296"},"modified":"2021-06-14T15:31:32","modified_gmt":"2021-06-14T18:31:32","slug":"teatro-de-bonecos-como-ferramenta-de-sensibilizacao-ambiental-em-unidades-de-conservacao","status":"publish","type":"post","link":"https:\/\/utfpr.curitiba.br\/bibliotecadesigncenico\/?p=1296","title":{"rendered":"Teatro de bonecos como ferramenta de sensibiliza\u00e7\u00e3o ambiental em unidades de conserva\u00e7\u00e3o"},"content":{"rendered":"\t\t<div data-elementor-type=\"wp-post\" data-elementor-id=\"1296\" class=\"elementor elementor-1296\">\n\t\t\t\t\t\t<section class=\"elementor-section elementor-top-section elementor-element elementor-element-6ebbfd1 elementor-section-boxed elementor-section-height-default elementor-section-height-default\" data-id=\"6ebbfd1\" data-element_type=\"section\" data-e-type=\"section\">\n\t\t\t\t\t\t<div class=\"elementor-container elementor-column-gap-default\">\n\t\t\t\t\t<div class=\"elementor-column elementor-col-100 elementor-top-column elementor-element elementor-element-2f0509d\" data-id=\"2f0509d\" data-element_type=\"column\" data-e-type=\"column\">\n\t\t\t<div class=\"elementor-widget-wrap elementor-element-populated\">\n\t\t\t\t\t\t<div class=\"elementor-element elementor-element-d0ac9f2 elementor-widget elementor-widget-text-editor\" data-id=\"d0ac9f2\" data-element_type=\"widget\" data-e-type=\"widget\" data-widget_type=\"text-editor.default\">\n\t\t\t\t<div class=\"elementor-widget-container\">\n\t\t\t\t\t\t\t\t\t<p>C\u00c2MARA, Vanessa Oliveira Fernandes. <strong>Teatro de bonecos como ferramenta de sensibiliza\u00e7\u00e3o ambiental em unidades de conserva\u00e7\u00e3o<\/strong>. Disserta\u00e7\u00e3o (Mestrado em Desenvolvimento e Meio Ambiente) &#8211; Universidade Federal da Para\u00edba, 2016.<\/p><p>Palavras-chave: Educa\u00e7\u00e3o ambiental; Unidades de; conserva\u00e7\u00e3o; Bonecos; Emo\u00e7\u00f5es; Crian\u00e7as.<\/p><p>Resumo: A atual conjuntura do planeta envolve diversas discuss\u00f5es sobre a perda da diversidade biol\u00f3gica. O Brasil, um dos pa\u00edses com maior biodiversidade, n\u00e3o poderia evitar tais discuss\u00f5es, declarando-a como fundamental para assegurar a sobreviv\u00eancia humana e para a manuten\u00e7\u00e3o do equil\u00edbrio ecol\u00f3gico. Os ecossistemas marinhos j\u00e1 s\u00e3o reconhecidos pelos seus servi\u00e7os ecossist\u00eamicos e a diversidade gen\u00e9tica que abriga. Contudo, as amea\u00e7as que o cercam vem preocupando governos e sociedade. A institui\u00e7\u00e3o de espa\u00e7os legalmente protegidos tornou-se uma estrat\u00e9gia de conserva\u00e7\u00e3o bastante utilizada em todo o mundo. Nesse contexto, foi institu\u00eddo o Parque Estadual Marinho de Areia Vermelha (PEMAV) com o intuito de conservar um ambiente recifal de extrema import\u00e2ncia biol\u00f3gica para o estado da Para\u00edba. O PEMAV, uma Unidade de conserva\u00e7\u00e3o (UC) de prote\u00e7\u00e3o integral, est\u00e1 na \u00e1rea de influ\u00eancia direta do estu\u00e1rio do Rio Para\u00edba, ber\u00e7\u00e1rio de v\u00e1rias esp\u00e9cies marinhas. Assim, o parque tem sido alvo de estudos e preocupa\u00e7\u00f5es, tanto do ponto de vista dos fatores geradores de risco ambientais, quanto \u00e0 forma como o ser humano se relaciona, percebe e se comporta frente ao processo conserva\u00e7\u00e3o. \u00c9 nesse cen\u00e1rio que est\u00e1 inserida a discuss\u00e3o em torno dos instrumentos de gest\u00e3o de UC. O presente estudo tem por recorte tem\u00e1tico a percep\u00e7\u00e3o ambiental aliada \u00e0 educa\u00e7\u00e3o ambiental n\u00e3o formal contextualizada com as fragilidades da \u00e1rea em estudo e aplicada de maneira l\u00fadica, atrav\u00e9s do teatro de bonecos. Assim, o estudo teve como objetivo avaliar o teatro de bonecos enquanto ferramenta pedag\u00f3gica voltada para a sensibiliza\u00e7\u00e3o ambiental em \u00e1reas protegidas, bem como extrair a percep\u00e7\u00e3o do p\u00fablico infantil participante e contagiar os visitantes do PEMAV com a alegria dos bonecos. Para alcan\u00e7ar tais objetivos realizou-se pesquisa bibliogr\u00e1fica, an\u00e1lise documental e elabora\u00e7\u00e3o de instrumento baseado nas pr\u00e1ticas da Percep\u00e7\u00e3o Ambiental, atrav\u00e9s de question\u00e1rio aplicado ao p\u00fablico mirim envolvido. Os dados foram tratados por meio da An\u00e1lise de Conte\u00fado (AC) e triangula\u00e7\u00e3o dos dados. Assim, com base na interpreta\u00e7\u00e3o da percep\u00e7\u00e3o ambiental e an\u00e1lise comportamental, os resultados revelaram aspectos positivos do uso da ferramenta l\u00fadica na UC e indicaram aspectos que necessitam de maior aten\u00e7\u00e3o para utiliza\u00e7\u00e3o do teatro de bonecos em \u00e1reas protegidas abertas ao p\u00fablico. Neste contexto, algumas recomenda\u00e7\u00f5es est\u00e3o expostas no texto conclusivo deste trabalho.<\/p><p>Link: <a href=\"https:\/\/repositorio.ufpb.br\/jspui\/handle\/tede\/9150\">https:\/\/repositorio.ufpb.br\/jspui\/handle\/tede\/9150<\/a><\/p>\t\t\t\t\t\t\t\t<\/div>\n\t\t\t\t<\/div>\n\t\t\t\t<div class=\"elementor-element elementor-element-9aec0ec elementor--star-style-star_fontawesome elementor-widget elementor-widget-star-rating\" data-id=\"9aec0ec\" data-element_type=\"widget\" data-e-type=\"widget\" data-widget_type=\"star-rating.default\">\n\t\t\t\t<div class=\"elementor-widget-container\">\n\t\t\t\t\t\t\t<div class=\"elementor-star-rating__wrapper\">\n\t\t\t\t\t\t<div class=\"elementor-star-rating\" itemtype=\"http:\/\/schema.org\/Rating\" itemscope=\"\" itemprop=\"reviewRating\">\n\t\t\t\t<i class=\"elementor-star-full\" aria-hidden=\"true\">&#xE934;<\/i><i class=\"elementor-star-full\" aria-hidden=\"true\">&#xE934;<\/i><i class=\"elementor-star-full\" aria-hidden=\"true\">&#xE934;<\/i><i class=\"elementor-star-full\" aria-hidden=\"true\">&#xE934;<\/i><i class=\"elementor-star-full\" aria-hidden=\"true\">&#xE934;<\/i>\t\t\t\t<span itemprop=\"ratingValue\" class=\"elementor-screen-only\">Rated 5 out of 5<\/span>\n\t\t\t<\/div>\n\t\t<\/div>\n\t\t\t\t\t\t<\/div>\n\t\t\t\t<\/div>\n\t\t\t\t\t<\/div>\n\t\t<\/div>\n\t\t\t\t\t<\/div>\n\t\t<\/section>\n\t\t\t\t<\/div>\n\t\t","protected":false},"excerpt":{"rendered":"<p>C\u00c2MARA, Vanessa Oliveira Fernandes. Teatro de bonecos como ferramenta de sensibiliza\u00e7\u00e3o ambiental em unidades de conserva\u00e7\u00e3o. Disserta\u00e7\u00e3o (Mestrado em Desenvolvimento e Meio Ambiente) &#8211; Universidade Federal da Para\u00edba, 2016. Palavras-chave: Educa\u00e7\u00e3o ambiental; Unidades de; conserva\u00e7\u00e3o; Bonecos; Emo\u00e7\u00f5es; Crian\u00e7as. Resumo: A &hellip; <a href=\"https:\/\/utfpr.curitiba.br\/bibliotecadesigncenico\/?p=1296\">Continue lendo <span class=\"meta-nav\">&rarr;<\/span><\/a><\/p>\n","protected":false},"author":5,"featured_media":0,"comment_status":"closed","ping_status":"","sticky":false,"template":"","format":"standard","meta":{"footnotes":""},"categories":[9],"tags":[],"class_list":["post-1296","post","type-post","status-publish","format-standard","hentry","category-teatro-de-formas-animadas"],"_links":{"self":[{"href":"https:\/\/utfpr.curitiba.br\/bibliotecadesigncenico\/index.php?rest_route=\/wp\/v2\/posts\/1296","targetHints":{"allow":["GET"]}}],"collection":[{"href":"https:\/\/utfpr.curitiba.br\/bibliotecadesigncenico\/index.php?rest_route=\/wp\/v2\/posts"}],"about":[{"href":"https:\/\/utfpr.curitiba.br\/bibliotecadesigncenico\/index.php?rest_route=\/wp\/v2\/types\/post"}],"author":[{"embeddable":true,"href":"https:\/\/utfpr.curitiba.br\/bibliotecadesigncenico\/index.php?rest_route=\/wp\/v2\/users\/5"}],"replies":[{"embeddable":true,"href":"https:\/\/utfpr.curitiba.br\/bibliotecadesigncenico\/index.php?rest_route=%2Fwp%2Fv2%2Fcomments&post=1296"}],"version-history":[{"count":4,"href":"https:\/\/utfpr.curitiba.br\/bibliotecadesigncenico\/index.php?rest_route=\/wp\/v2\/posts\/1296\/revisions"}],"predecessor-version":[{"id":1300,"href":"https:\/\/utfpr.curitiba.br\/bibliotecadesigncenico\/index.php?rest_route=\/wp\/v2\/posts\/1296\/revisions\/1300"}],"wp:attachment":[{"href":"https:\/\/utfpr.curitiba.br\/bibliotecadesigncenico\/index.php?rest_route=%2Fwp%2Fv2%2Fmedia&parent=1296"}],"wp:term":[{"taxonomy":"category","embeddable":true,"href":"https:\/\/utfpr.curitiba.br\/bibliotecadesigncenico\/index.php?rest_route=%2Fwp%2Fv2%2Fcategories&post=1296"},{"taxonomy":"post_tag","embeddable":true,"href":"https:\/\/utfpr.curitiba.br\/bibliotecadesigncenico\/index.php?rest_route=%2Fwp%2Fv2%2Ftags&post=1296"}],"curies":[{"name":"wp","href":"https:\/\/api.w.org\/{rel}","templated":true}]}}