{"id":1291,"date":"2021-06-15T09:00:00","date_gmt":"2021-06-15T12:00:00","guid":{"rendered":"https:\/\/bibliotecadesigncenico.ct.utfpr.edu.br\/?p=1291"},"modified":"2021-06-14T15:27:22","modified_gmt":"2021-06-14T18:27:22","slug":"a-estetica-metaficcional-do-teatro-de-animacao-gaucho-contemporaneo","status":"publish","type":"post","link":"https:\/\/utfpr.curitiba.br\/bibliotecadesigncenico\/?p=1291","title":{"rendered":"A est\u00e9tica metaficcional do teatro de anima\u00e7\u00e3o ga\u00facho contempor\u00e2neo"},"content":{"rendered":"\t\t<div data-elementor-type=\"wp-post\" data-elementor-id=\"1291\" class=\"elementor elementor-1291\">\n\t\t\t\t\t\t<section class=\"elementor-section elementor-top-section elementor-element elementor-element-d68d556 elementor-section-boxed elementor-section-height-default elementor-section-height-default\" data-id=\"d68d556\" data-element_type=\"section\" data-e-type=\"section\">\n\t\t\t\t\t\t<div class=\"elementor-container elementor-column-gap-default\">\n\t\t\t\t\t<div class=\"elementor-column elementor-col-100 elementor-top-column elementor-element elementor-element-771b522\" data-id=\"771b522\" data-element_type=\"column\" data-e-type=\"column\">\n\t\t\t<div class=\"elementor-widget-wrap elementor-element-populated\">\n\t\t\t\t\t\t<div class=\"elementor-element elementor-element-1e9d737 elementor-widget elementor-widget-text-editor\" data-id=\"1e9d737\" data-element_type=\"widget\" data-e-type=\"widget\" data-widget_type=\"text-editor.default\">\n\t\t\t\t<div class=\"elementor-widget-container\">\n\t\t\t\t\t\t\t\t\t<p><span data-sheets-value=\"{\" data-sheets-userformat=\"{\">BORGER, Paulo C\u00e9sar Balardim. <strong>A est\u00e9tica metaficcional do teatro de anima\u00e7\u00e3o ga\u00facho contempor\u00e2neo<\/strong>. Disserta\u00e7\u00e3o (Mestrado em Artes C\u00eaniscas) &#8211; UFRGS, 2008.<\/span><\/p><p>Palavras-chave: Metafic\u00e7\u00e3o; Teatro contempor\u00e2neo : Rio Grande do Sul; Teatro de anima\u00e7\u00e3o : Rio Grande do Sul.<\/p><p>Resumo: A milenar arte do Teatro de Anima\u00e7\u00e3o possui especificidades pr\u00f3prias \u00e0 sua linguagem. Dentre essas especificidades, a metaficcionalidade \u00e9 um relevante componente. Este trabalho, examinando o conceito de metalinguagem presente na obra de Roman Jakobson e seu deslocamento para fen\u00f4menos liter\u00e1rios, derivado dos estudos introduzidos por G\u00e9rard Genette e Roland Barthes, os quais analisaram profundamente quest\u00f5es como a transtextualidade, aponta para o resgate da arte da anima\u00e7\u00e3o no contexto das artes p\u00f3s-modernas, por tratar-se de uma arte metaficcional por excel\u00eancia. A estrutura do trabalho consta de uma primeira parte que esclarece sobre o funcionamento das conven\u00e7\u00f5es utilizadas no Teatro de Anima\u00e7\u00e3o, sua defini\u00e7\u00e3o, suas propriedades intr\u00ednsecas e um pouco de sua hist\u00f3ria, bem como procuramos estender e afirmar a id\u00e9ia de que o Teatro de Anima\u00e7\u00e3o \u00e9 metaficcional por natureza, sendo que, apesar disso, a metaficcionalidade como pressuposto est\u00e9tico apenas come\u00e7ou a ser amplamente explorada a partir do in\u00edcio da p\u00f3s-modernidade. A segunda parte aborda a presen\u00e7a dos metaficcionais no Teatro de Anima\u00e7\u00e3o, analisados a partir do estudo de alguns espet\u00e1culos contempor\u00e2neos realizados no Rio Grande do Sul. Na an\u00e1lise desses espet\u00e1culos, discorreremos sobre as transforma\u00e7\u00f5es que ocorreram no Teatro de Anima\u00e7\u00e3o a partir da segunda metade do s\u00e9culo XX, as quais colocaram em cheque, bem como as outras artes, quest\u00f5es como a legitima\u00e7\u00e3o do saber, a originalidade e a exist\u00eancia de uma verdade absoluta, utilizando, para isso, as estrat\u00e9gias apontadas por Linda Hutcheon, tais como a exacerba\u00e7\u00e3o da auto-reflexividade e a par\u00f3dia.<\/p><p>Link:\u00a0<a href=\"https:\/\/lume.ufrgs.br\/handle\/10183\/15460\">https:\/\/lume.ufrgs.br\/handle\/10183\/15460<\/a><\/p>\t\t\t\t\t\t\t\t<\/div>\n\t\t\t\t<\/div>\n\t\t\t\t<div class=\"elementor-element elementor-element-922177f elementor--star-style-star_fontawesome elementor-widget elementor-widget-star-rating\" data-id=\"922177f\" data-element_type=\"widget\" data-e-type=\"widget\" data-widget_type=\"star-rating.default\">\n\t\t\t\t<div class=\"elementor-widget-container\">\n\t\t\t\t\t\t\t<div class=\"elementor-star-rating__wrapper\">\n\t\t\t\t\t\t<div class=\"elementor-star-rating\" itemtype=\"http:\/\/schema.org\/Rating\" itemscope=\"\" itemprop=\"reviewRating\">\n\t\t\t\t<i class=\"elementor-star-full\" aria-hidden=\"true\">&#xE934;<\/i><i class=\"elementor-star-full\" aria-hidden=\"true\">&#xE934;<\/i><i class=\"elementor-star-full\" aria-hidden=\"true\">&#xE934;<\/i><i class=\"elementor-star-full\" aria-hidden=\"true\">&#xE934;<\/i><i class=\"elementor-star-full\" aria-hidden=\"true\">&#xE934;<\/i>\t\t\t\t<span itemprop=\"ratingValue\" class=\"elementor-screen-only\">Rated 5 out of 5<\/span>\n\t\t\t<\/div>\n\t\t<\/div>\n\t\t\t\t\t\t<\/div>\n\t\t\t\t<\/div>\n\t\t\t\t\t<\/div>\n\t\t<\/div>\n\t\t\t\t\t<\/div>\n\t\t<\/section>\n\t\t\t\t<\/div>\n\t\t","protected":false},"excerpt":{"rendered":"<p>BORGER, Paulo C\u00e9sar Balardim. A est\u00e9tica metaficcional do teatro de anima\u00e7\u00e3o ga\u00facho contempor\u00e2neo. Disserta\u00e7\u00e3o (Mestrado em Artes C\u00eaniscas) &#8211; UFRGS, 2008. Palavras-chave: Metafic\u00e7\u00e3o; Teatro contempor\u00e2neo : Rio Grande do Sul; Teatro de anima\u00e7\u00e3o : Rio Grande do Sul. Resumo: A &hellip; <a href=\"https:\/\/utfpr.curitiba.br\/bibliotecadesigncenico\/?p=1291\">Continue lendo <span class=\"meta-nav\">&rarr;<\/span><\/a><\/p>\n","protected":false},"author":5,"featured_media":0,"comment_status":"closed","ping_status":"","sticky":false,"template":"","format":"standard","meta":{"footnotes":""},"categories":[9],"tags":[],"class_list":["post-1291","post","type-post","status-publish","format-standard","hentry","category-teatro-de-formas-animadas"],"_links":{"self":[{"href":"https:\/\/utfpr.curitiba.br\/bibliotecadesigncenico\/index.php?rest_route=\/wp\/v2\/posts\/1291","targetHints":{"allow":["GET"]}}],"collection":[{"href":"https:\/\/utfpr.curitiba.br\/bibliotecadesigncenico\/index.php?rest_route=\/wp\/v2\/posts"}],"about":[{"href":"https:\/\/utfpr.curitiba.br\/bibliotecadesigncenico\/index.php?rest_route=\/wp\/v2\/types\/post"}],"author":[{"embeddable":true,"href":"https:\/\/utfpr.curitiba.br\/bibliotecadesigncenico\/index.php?rest_route=\/wp\/v2\/users\/5"}],"replies":[{"embeddable":true,"href":"https:\/\/utfpr.curitiba.br\/bibliotecadesigncenico\/index.php?rest_route=%2Fwp%2Fv2%2Fcomments&post=1291"}],"version-history":[{"count":4,"href":"https:\/\/utfpr.curitiba.br\/bibliotecadesigncenico\/index.php?rest_route=\/wp\/v2\/posts\/1291\/revisions"}],"predecessor-version":[{"id":1295,"href":"https:\/\/utfpr.curitiba.br\/bibliotecadesigncenico\/index.php?rest_route=\/wp\/v2\/posts\/1291\/revisions\/1295"}],"wp:attachment":[{"href":"https:\/\/utfpr.curitiba.br\/bibliotecadesigncenico\/index.php?rest_route=%2Fwp%2Fv2%2Fmedia&parent=1291"}],"wp:term":[{"taxonomy":"category","embeddable":true,"href":"https:\/\/utfpr.curitiba.br\/bibliotecadesigncenico\/index.php?rest_route=%2Fwp%2Fv2%2Fcategories&post=1291"},{"taxonomy":"post_tag","embeddable":true,"href":"https:\/\/utfpr.curitiba.br\/bibliotecadesigncenico\/index.php?rest_route=%2Fwp%2Fv2%2Ftags&post=1291"}],"curies":[{"name":"wp","href":"https:\/\/api.w.org\/{rel}","templated":true}]}}