{"id":1280,"date":"2021-06-15T09:00:00","date_gmt":"2021-06-15T12:00:00","guid":{"rendered":"https:\/\/bibliotecadesigncenico.ct.utfpr.edu.br\/?p=1280"},"modified":"2021-07-08T02:09:50","modified_gmt":"2021-07-08T05:09:50","slug":"o-som-como-ferramenta-projetual-no-design","status":"publish","type":"post","link":"https:\/\/utfpr.curitiba.br\/bibliotecadesigncenico\/?p=1280","title":{"rendered":"O som como ferramenta projetual no design"},"content":{"rendered":"\t\t<div data-elementor-type=\"wp-post\" data-elementor-id=\"1280\" class=\"elementor elementor-1280\">\n\t\t\t\t\t\t<section class=\"elementor-section elementor-top-section elementor-element elementor-element-3f82649 elementor-section-boxed elementor-section-height-default elementor-section-height-default\" data-id=\"3f82649\" data-element_type=\"section\" data-e-type=\"section\">\n\t\t\t\t\t\t<div class=\"elementor-container elementor-column-gap-default\">\n\t\t\t\t\t<div class=\"elementor-column elementor-col-100 elementor-top-column elementor-element elementor-element-22fb1f4\" data-id=\"22fb1f4\" data-element_type=\"column\" data-e-type=\"column\">\n\t\t\t<div class=\"elementor-widget-wrap elementor-element-populated\">\n\t\t\t\t\t\t<div class=\"elementor-element elementor-element-eece31e elementor-widget elementor-widget-text-editor\" data-id=\"eece31e\" data-element_type=\"widget\" data-e-type=\"widget\" data-widget_type=\"text-editor.default\">\n\t\t\t\t<div class=\"elementor-widget-container\">\n\t\t\t\t\t\t\t\t\t<p>FERRANTI, Marcelo Pedruzzi. <strong>O som como ferramenta projetual no design<\/strong>. Disserta\u00e7\u00e3o (Mestrado em Artes e Design) &#8211; PUC-Rio, 2018.<\/p><p>Palavras-chave: Design de intera\u00e7\u00e3o; M\u00e9todos e princ\u00edpios de design; Prototipa\u00e7\u00e3o; Sound Design, Auditory Displays, Sonifica\u00e7\u00e3o.<\/p><p>Resumo: A pesquisa prop\u00f5e uma s\u00e9rie de m\u00e9todos e princ\u00edpios para explorar o som em um processo projetual de design. Quest\u00f5es relativas aos aspectos sonoros parecem ser negligenciadas durante o processo projetual de design. Como poderia um designer, mesmo sem um treinamento formal acerca do som, utilizar o som em seus projetos de uma forma construtiva, intencional e objetiva? Para responder a essa pergunta, investigamos o impacto das mudan\u00e7as sofridas pelas paisagens sonoras nas \u00faltimas d\u00e9cadas, ocasionadas pela industrializa\u00e7\u00e3o e mecaniza\u00e7\u00e3o da sociedade. O impacto e a percep\u00e7\u00e3o dessas sonoridades pelo indiv\u00edduo tamb\u00e9m s\u00e3o discutidos, utilizando-se, para isso, os conhecimentos provenientes da ac\u00fastica, psico-ac\u00fastica e os mecanismos atencionais. Mapeamos, tamb\u00e9m, o estado da arte, evolu\u00e7\u00e3o e aplica\u00e7\u00e3o desses sons em diferentes campos do saber, tais como a intera\u00e7\u00e3o homem-computador, sonic interaction design, cinema e a musicologia, com a finalidade de obtermos um recorte te\u00f3rico acerca do som que seja pertinente ao campo do design. Como resultado dessa explora\u00e7\u00e3o, propomos um conjunto de princ\u00edpios norteadores e de m\u00e9todos explorat\u00f3rios sonoros para prototipar o som para o design. Por fim, aplica\u00e7\u00f5es e desdobramentos futuros em rela\u00e7\u00e3o ao uso desses princ\u00edpios e m\u00e9todos s\u00e3o sugeridos.<\/p><p>Link: <a href=\"https:\/\/www.maxwell.vrac.puc-rio.br\/colecao.php?strSecao=resultado&amp;nrSeq=35590@1\">https:\/\/www.maxwell.vrac.puc-rio.br\/colecao.php?strSecao=resultado&amp;nrSeq=35590@1<\/a><\/p>\t\t\t\t\t\t\t\t<\/div>\n\t\t\t\t<\/div>\n\t\t\t\t<div class=\"elementor-element elementor-element-8848d28 elementor--star-style-star_fontawesome elementor-widget elementor-widget-star-rating\" data-id=\"8848d28\" data-element_type=\"widget\" data-e-type=\"widget\" data-widget_type=\"star-rating.default\">\n\t\t\t\t<div class=\"elementor-widget-container\">\n\t\t\t\t\t\t\t<div class=\"elementor-star-rating__wrapper\">\n\t\t\t\t\t\t<div class=\"elementor-star-rating\" itemtype=\"http:\/\/schema.org\/Rating\" itemscope=\"\" itemprop=\"reviewRating\">\n\t\t\t\t<i class=\"elementor-star-full\" aria-hidden=\"true\">&#xE934;<\/i><i class=\"elementor-star-full\" aria-hidden=\"true\">&#xE934;<\/i><i class=\"elementor-star-full\" aria-hidden=\"true\">&#xE934;<\/i><i class=\"elementor-star-full\" aria-hidden=\"true\">&#xE934;<\/i><i class=\"elementor-star-full\" aria-hidden=\"true\">&#xE934;<\/i>\t\t\t\t<span itemprop=\"ratingValue\" class=\"elementor-screen-only\">Rated 5 out of 5<\/span>\n\t\t\t<\/div>\n\t\t<\/div>\n\t\t\t\t\t\t<\/div>\n\t\t\t\t<\/div>\n\t\t\t\t\t<\/div>\n\t\t<\/div>\n\t\t\t\t\t<\/div>\n\t\t<\/section>\n\t\t\t\t<\/div>\n\t\t","protected":false},"excerpt":{"rendered":"<p>FERRANTI, Marcelo Pedruzzi. O som como ferramenta projetual no design. Disserta\u00e7\u00e3o (Mestrado em Artes e Design) &#8211; PUC-Rio, 2018. Palavras-chave: Design de intera\u00e7\u00e3o; M\u00e9todos e princ\u00edpios de design; Prototipa\u00e7\u00e3o; Sound Design, Auditory Displays, Sonifica\u00e7\u00e3o. Resumo: A pesquisa prop\u00f5e uma s\u00e9rie &hellip; <a href=\"https:\/\/utfpr.curitiba.br\/bibliotecadesigncenico\/?p=1280\">Continue lendo <span class=\"meta-nav\">&rarr;<\/span><\/a><\/p>\n","protected":false},"author":5,"featured_media":0,"comment_status":"closed","ping_status":"closed","sticky":false,"template":"","format":"standard","meta":{"footnotes":""},"categories":[7],"tags":[],"class_list":["post-1280","post","type-post","status-publish","format-standard","hentry","category-sonoplastia"],"_links":{"self":[{"href":"https:\/\/utfpr.curitiba.br\/bibliotecadesigncenico\/index.php?rest_route=\/wp\/v2\/posts\/1280","targetHints":{"allow":["GET"]}}],"collection":[{"href":"https:\/\/utfpr.curitiba.br\/bibliotecadesigncenico\/index.php?rest_route=\/wp\/v2\/posts"}],"about":[{"href":"https:\/\/utfpr.curitiba.br\/bibliotecadesigncenico\/index.php?rest_route=\/wp\/v2\/types\/post"}],"author":[{"embeddable":true,"href":"https:\/\/utfpr.curitiba.br\/bibliotecadesigncenico\/index.php?rest_route=\/wp\/v2\/users\/5"}],"replies":[{"embeddable":true,"href":"https:\/\/utfpr.curitiba.br\/bibliotecadesigncenico\/index.php?rest_route=%2Fwp%2Fv2%2Fcomments&post=1280"}],"version-history":[{"count":4,"href":"https:\/\/utfpr.curitiba.br\/bibliotecadesigncenico\/index.php?rest_route=\/wp\/v2\/posts\/1280\/revisions"}],"predecessor-version":[{"id":1284,"href":"https:\/\/utfpr.curitiba.br\/bibliotecadesigncenico\/index.php?rest_route=\/wp\/v2\/posts\/1280\/revisions\/1284"}],"wp:attachment":[{"href":"https:\/\/utfpr.curitiba.br\/bibliotecadesigncenico\/index.php?rest_route=%2Fwp%2Fv2%2Fmedia&parent=1280"}],"wp:term":[{"taxonomy":"category","embeddable":true,"href":"https:\/\/utfpr.curitiba.br\/bibliotecadesigncenico\/index.php?rest_route=%2Fwp%2Fv2%2Fcategories&post=1280"},{"taxonomy":"post_tag","embeddable":true,"href":"https:\/\/utfpr.curitiba.br\/bibliotecadesigncenico\/index.php?rest_route=%2Fwp%2Fv2%2Ftags&post=1280"}],"curies":[{"name":"wp","href":"https:\/\/api.w.org\/{rel}","templated":true}]}}