{"id":1275,"date":"2021-06-15T09:00:00","date_gmt":"2021-06-15T12:00:00","guid":{"rendered":"https:\/\/bibliotecadesigncenico.ct.utfpr.edu.br\/?p=1275"},"modified":"2021-06-14T14:16:21","modified_gmt":"2021-06-14T17:16:21","slug":"vestindo-cinema-construindo-ilusao-uma-visao-do-cinema-atraves-da-janela-do-figurino","status":"publish","type":"post","link":"https:\/\/utfpr.curitiba.br\/bibliotecadesigncenico\/?p=1275","title":{"rendered":"VESTINDO CINEMA Construindo Ilus\u00e3o, Uma vis\u00e3o do cinema atrav\u00e9s da janela do figurino"},"content":{"rendered":"\t\t<div data-elementor-type=\"wp-post\" data-elementor-id=\"1275\" class=\"elementor elementor-1275\">\n\t\t\t\t\t\t<section class=\"elementor-section elementor-top-section elementor-element elementor-element-2e30561 elementor-section-boxed elementor-section-height-default elementor-section-height-default\" data-id=\"2e30561\" data-element_type=\"section\" data-e-type=\"section\">\n\t\t\t\t\t\t<div class=\"elementor-container elementor-column-gap-default\">\n\t\t\t\t\t<div class=\"elementor-column elementor-col-100 elementor-top-column elementor-element elementor-element-f805ddc\" data-id=\"f805ddc\" data-element_type=\"column\" data-e-type=\"column\">\n\t\t\t<div class=\"elementor-widget-wrap elementor-element-populated\">\n\t\t\t\t\t\t<div class=\"elementor-element elementor-element-68a2797 elementor-widget elementor-widget-text-editor\" data-id=\"68a2797\" data-element_type=\"widget\" data-e-type=\"widget\" data-widget_type=\"text-editor.default\">\n\t\t\t\t<div class=\"elementor-widget-container\">\n\t\t\t\t\t\t\t\t\t<p>MONTEIRO, Isabel Paranhos. <strong>VESTINDO CINEMA Construindo Ilus\u00e3o, Uma vis\u00e3o do cinema atrav\u00e9s da janela do figurino<\/strong>. Disserta\u00e7\u00e3o (Mestrado em Artes e Design) PUC-Rio, 2016.\u00a0<\/p><p>Palavras-chave: Cinema; figurino; imagin\u00e1rio; corpo hist\u00f3rico; processo de cria\u00e7\u00e3o.<\/p><p>Resumo: O ano de 1990 foi o marco de uma grande crise na ind\u00fastria cinematogr\u00e1fica do Brasil. Motivos pol\u00edticos e econ\u00f4micos, somados a uma crise generalizada no pa\u00eds, assinaram o obitu\u00e1rio do cinema nacional. Quatro anos depois, com o aux\u00edlio de leis e incentivos fiscais, deu-se a chamada \u201cretomada do cinema brasileiro\u201d. Grandes bilheterias, indica\u00e7\u00f5es ao Oscar e uma renova\u00e7\u00e3o no desenho e na forma de produ\u00e7\u00e3o apareceriam para abrir o caminho de uma nova cinematografia brasileira. O figurino de filmes de \u00e9poca produzidos nesta fase, com seus projetos de pesquisa e a constru\u00e7\u00e3o de seus corpos hist\u00f3ricos, s\u00e3o o objeto dessa disserta\u00e7\u00e3o.<\/p><p>Link: <a href=\"https:\/\/www.maxwell.vrac.puc-rio.br\/colecao.php?strSecao=resultado&amp;nrSeq=30464@1\">https:\/\/www.maxwell.vrac.puc-rio.br\/colecao.php?strSecao=resultado&amp;nrSeq=30464@1<\/a><\/p>\t\t\t\t\t\t\t\t<\/div>\n\t\t\t\t<\/div>\n\t\t\t\t<div class=\"elementor-element elementor-element-a155626 elementor--star-style-star_fontawesome elementor-widget elementor-widget-star-rating\" data-id=\"a155626\" data-element_type=\"widget\" data-e-type=\"widget\" data-widget_type=\"star-rating.default\">\n\t\t\t\t<div class=\"elementor-widget-container\">\n\t\t\t\t\t\t\t<div class=\"elementor-star-rating__wrapper\">\n\t\t\t\t\t\t<div class=\"elementor-star-rating\" itemtype=\"http:\/\/schema.org\/Rating\" itemscope=\"\" itemprop=\"reviewRating\">\n\t\t\t\t<i class=\"elementor-star-full\" aria-hidden=\"true\">&#xE934;<\/i><i class=\"elementor-star-full\" aria-hidden=\"true\">&#xE934;<\/i><i class=\"elementor-star-full\" aria-hidden=\"true\">&#xE934;<\/i><i class=\"elementor-star-full\" aria-hidden=\"true\">&#xE934;<\/i><i class=\"elementor-star-full\" aria-hidden=\"true\">&#xE934;<\/i>\t\t\t\t<span itemprop=\"ratingValue\" class=\"elementor-screen-only\">Rated 5 out of 5<\/span>\n\t\t\t<\/div>\n\t\t<\/div>\n\t\t\t\t\t\t<\/div>\n\t\t\t\t<\/div>\n\t\t\t\t\t<\/div>\n\t\t<\/div>\n\t\t\t\t\t<\/div>\n\t\t<\/section>\n\t\t\t\t<\/div>\n\t\t","protected":false},"excerpt":{"rendered":"<p>MONTEIRO, Isabel Paranhos. VESTINDO CINEMA Construindo Ilus\u00e3o, Uma vis\u00e3o do cinema atrav\u00e9s da janela do figurino. Disserta\u00e7\u00e3o (Mestrado em Artes e Design) PUC-Rio, 2016.\u00a0 Palavras-chave: Cinema; figurino; imagin\u00e1rio; corpo hist\u00f3rico; processo de cria\u00e7\u00e3o. Resumo: O ano de 1990 foi o &hellip; <a href=\"https:\/\/utfpr.curitiba.br\/bibliotecadesigncenico\/?p=1275\">Continue lendo <span class=\"meta-nav\">&rarr;<\/span><\/a><\/p>\n","protected":false},"author":5,"featured_media":0,"comment_status":"closed","ping_status":"","sticky":false,"template":"","format":"standard","meta":{"footnotes":""},"categories":[4],"tags":[],"class_list":["post-1275","post","type-post","status-publish","format-standard","hentry","category-figurino"],"_links":{"self":[{"href":"https:\/\/utfpr.curitiba.br\/bibliotecadesigncenico\/index.php?rest_route=\/wp\/v2\/posts\/1275","targetHints":{"allow":["GET"]}}],"collection":[{"href":"https:\/\/utfpr.curitiba.br\/bibliotecadesigncenico\/index.php?rest_route=\/wp\/v2\/posts"}],"about":[{"href":"https:\/\/utfpr.curitiba.br\/bibliotecadesigncenico\/index.php?rest_route=\/wp\/v2\/types\/post"}],"author":[{"embeddable":true,"href":"https:\/\/utfpr.curitiba.br\/bibliotecadesigncenico\/index.php?rest_route=\/wp\/v2\/users\/5"}],"replies":[{"embeddable":true,"href":"https:\/\/utfpr.curitiba.br\/bibliotecadesigncenico\/index.php?rest_route=%2Fwp%2Fv2%2Fcomments&post=1275"}],"version-history":[{"count":4,"href":"https:\/\/utfpr.curitiba.br\/bibliotecadesigncenico\/index.php?rest_route=\/wp\/v2\/posts\/1275\/revisions"}],"predecessor-version":[{"id":1279,"href":"https:\/\/utfpr.curitiba.br\/bibliotecadesigncenico\/index.php?rest_route=\/wp\/v2\/posts\/1275\/revisions\/1279"}],"wp:attachment":[{"href":"https:\/\/utfpr.curitiba.br\/bibliotecadesigncenico\/index.php?rest_route=%2Fwp%2Fv2%2Fmedia&parent=1275"}],"wp:term":[{"taxonomy":"category","embeddable":true,"href":"https:\/\/utfpr.curitiba.br\/bibliotecadesigncenico\/index.php?rest_route=%2Fwp%2Fv2%2Fcategories&post=1275"},{"taxonomy":"post_tag","embeddable":true,"href":"https:\/\/utfpr.curitiba.br\/bibliotecadesigncenico\/index.php?rest_route=%2Fwp%2Fv2%2Ftags&post=1275"}],"curies":[{"name":"wp","href":"https:\/\/api.w.org\/{rel}","templated":true}]}}