{"id":1264,"date":"2021-06-15T09:00:00","date_gmt":"2021-06-15T12:00:00","guid":{"rendered":"https:\/\/bibliotecadesigncenico.ct.utfpr.edu.br\/?p=1264"},"modified":"2021-08-24T10:08:31","modified_gmt":"2021-08-24T13:08:31","slug":"jovens-vozes-em-cena-experiencias-de-integracao-e-autodeterminacao-atraves-da-arte-performatica-no-rio-de-janeiro","status":"publish","type":"post","link":"https:\/\/utfpr.curitiba.br\/bibliotecadesigncenico\/?p=1264","title":{"rendered":"Jovens Vozes em Cena: Experi\u00eancias de Integra\u00e7\u00e3o e Autodetermina\u00e7\u00e3o Atrav\u00e9s da Arte Perform\u00e1tica no rio de Janeiro"},"content":{"rendered":"\t\t<div data-elementor-type=\"wp-post\" data-elementor-id=\"1264\" class=\"elementor elementor-1264\">\n\t\t\t\t\t\t<section class=\"elementor-section elementor-top-section elementor-element elementor-element-cfab0c6 elementor-section-boxed elementor-section-height-default elementor-section-height-default\" data-id=\"cfab0c6\" data-element_type=\"section\" data-e-type=\"section\">\n\t\t\t\t\t\t<div class=\"elementor-container elementor-column-gap-default\">\n\t\t\t\t\t<div class=\"elementor-column elementor-col-100 elementor-top-column elementor-element elementor-element-670328f\" data-id=\"670328f\" data-element_type=\"column\" data-e-type=\"column\">\n\t\t\t<div class=\"elementor-widget-wrap elementor-element-populated\">\n\t\t\t\t\t\t<div class=\"elementor-element elementor-element-5e4297e elementor-widget elementor-widget-text-editor\" data-id=\"5e4297e\" data-element_type=\"widget\" data-e-type=\"widget\" data-widget_type=\"text-editor.default\">\n\t\t\t\t<div class=\"elementor-widget-container\">\n\t\t\t\t\t\t\t\t\t<p><span data-sheets-value=\"{\" data-sheets-userformat=\"{\">SOUZA, Sara. <strong>Jovens Vozes em Cena: Experi\u00eancias de Integra\u00e7\u00e3o e Autodetermina\u00e7\u00e3o Atrav\u00e9s da Arte Perform\u00e1tica no rio de Janeiro<\/strong>. Tese (Doutorado em Hist\u00f3ria Social da Cultura) &#8211; PUC-RIO, 2005.<\/span><\/p><p>Palavras-chave: Cultura; Teatro.<\/p><p>Resumo: Esta disserta\u00e7\u00e3o investiga o di\u00e1logo entre a arte e seu contexto, atrav\u00e9s de dois movimentos art\u00edsticos e sociais com base em favelas do Rio de Janeiro: o Grupo N\u00f3s do Morro e o Grupo Cultural Afro Reggae. Focalizando a arte c\u00eanica ou perform\u00e1tica (especificamente teatro e m\u00fasica), o estudo ressalta determinados aspectos das din\u00e2micas culturais cariocas, como a rela\u00e7\u00e3o entre favela e asfalto, para contextualizar o trabalho realizado por estes grupos com os jovens participantes. Considerando a rela\u00e7\u00e3o entre o espa\u00e7o\/territ\u00f3rio, tanto f\u00edsico como simb\u00f3lico-cultural, e a inclus\u00e3o, revelam-se as formas inovadoras pelas quais os dois movimentos, atrav\u00e9s da arte e da performance, abrem novos espa\u00e7os no imagin\u00e1rio social e proporcionam a integra\u00e7\u00e3o de pessoas de diferentes \u00e1reas e camadas sociais. A presente pesquisa tamb\u00e9m ressalta o efeito desse trabalho para o desenvolvimento de uma comunica\u00e7\u00e3o e colabora\u00e7\u00e3o de m\u00e3o dupla, as quais favorecem n\u00e3o apenas a inclus\u00e3o mas a efetiva integra\u00e7\u00e3o social. Tamb\u00e9m s\u00e3o consideradas as pr\u00f3prias obras de arte originais produzidas pelos dois grupos e as linguagens tem\u00e1ticas e perform\u00e1ticas por eles desenvolvidas, as quais projetam as vozes dos jovens das favelas de forma altamente eficaz nos cen\u00e1rios culturais regional, nacional e internacional. A an\u00e1lise dessas pe\u00e7as e can\u00e7\u00f5es, aponta para preocupa\u00e7\u00f5es com a identidade e a mem\u00f3ria cultural. Ademais, o texto ressalta as semelhan\u00e7as, assim como diverg\u00eancias, existentes entre os dois grupos, ambos considerados refer\u00eancias em suas \u00e1reas, embora constru\u00eddos sobre princ\u00edpios e objetivos distintos. Exp\u00f5em-se assim a possibilidade de diferentes abordagens \u00e0 arte e \u00e0 performance como ferramentas da integra\u00e7\u00e3o e da auto-determina\u00e7\u00e3o.<\/p><p>Link: <a href=\"https:\/\/www.maxwell.vrac.puc-rio.br\/colecao.php?strSecao=resultado&amp;nrSeq=8279@1\">https:\/\/www.maxwell.vrac.puc-rio.br\/colecao.php?strSecao=resultado&amp;nrSeq=8279@1<\/a><\/p>\t\t\t\t\t\t\t\t<\/div>\n\t\t\t\t<\/div>\n\t\t\t\t<div class=\"elementor-element elementor-element-39e6fa0 elementor--star-style-star_fontawesome elementor-widget elementor-widget-star-rating\" data-id=\"39e6fa0\" data-element_type=\"widget\" data-e-type=\"widget\" data-widget_type=\"star-rating.default\">\n\t\t\t\t<div class=\"elementor-widget-container\">\n\t\t\t\t\t\t\t<div class=\"elementor-star-rating__wrapper\">\n\t\t\t\t\t\t<div class=\"elementor-star-rating\" itemtype=\"http:\/\/schema.org\/Rating\" itemscope=\"\" itemprop=\"reviewRating\">\n\t\t\t\t<i class=\"elementor-star-full\" aria-hidden=\"true\">&#xE934;<\/i><i class=\"elementor-star-full\" aria-hidden=\"true\">&#xE934;<\/i><i class=\"elementor-star-full\" aria-hidden=\"true\">&#xE934;<\/i><i class=\"elementor-star-full\" aria-hidden=\"true\">&#xE934;<\/i><i class=\"elementor-star-full\" aria-hidden=\"true\">&#xE934;<\/i>\t\t\t\t<span itemprop=\"ratingValue\" class=\"elementor-screen-only\">Rated 5 out of 5<\/span>\n\t\t\t<\/div>\n\t\t<\/div>\n\t\t\t\t\t\t<\/div>\n\t\t\t\t<\/div>\n\t\t\t\t\t<\/div>\n\t\t<\/div>\n\t\t\t\t\t<\/div>\n\t\t<\/section>\n\t\t\t\t<\/div>\n\t\t","protected":false},"excerpt":{"rendered":"<p>SOUZA, Sara. Jovens Vozes em Cena: Experi\u00eancias de Integra\u00e7\u00e3o e Autodetermina\u00e7\u00e3o Atrav\u00e9s da Arte Perform\u00e1tica no rio de Janeiro. Tese (Doutorado em Hist\u00f3ria Social da Cultura) &#8211; PUC-RIO, 2005. Palavras-chave: Cultura; Teatro. Resumo: Esta disserta\u00e7\u00e3o investiga o di\u00e1logo entre a &hellip; <a href=\"https:\/\/utfpr.curitiba.br\/bibliotecadesigncenico\/?p=1264\">Continue lendo <span class=\"meta-nav\">&rarr;<\/span><\/a><\/p>\n","protected":false},"author":5,"featured_media":0,"comment_status":"closed","ping_status":"","sticky":false,"template":"","format":"standard","meta":{"footnotes":""},"categories":[10],"tags":[],"class_list":["post-1264","post","type-post","status-publish","format-standard","hentry","category-diversos"],"_links":{"self":[{"href":"https:\/\/utfpr.curitiba.br\/bibliotecadesigncenico\/index.php?rest_route=\/wp\/v2\/posts\/1264","targetHints":{"allow":["GET"]}}],"collection":[{"href":"https:\/\/utfpr.curitiba.br\/bibliotecadesigncenico\/index.php?rest_route=\/wp\/v2\/posts"}],"about":[{"href":"https:\/\/utfpr.curitiba.br\/bibliotecadesigncenico\/index.php?rest_route=\/wp\/v2\/types\/post"}],"author":[{"embeddable":true,"href":"https:\/\/utfpr.curitiba.br\/bibliotecadesigncenico\/index.php?rest_route=\/wp\/v2\/users\/5"}],"replies":[{"embeddable":true,"href":"https:\/\/utfpr.curitiba.br\/bibliotecadesigncenico\/index.php?rest_route=%2Fwp%2Fv2%2Fcomments&post=1264"}],"version-history":[{"count":5,"href":"https:\/\/utfpr.curitiba.br\/bibliotecadesigncenico\/index.php?rest_route=\/wp\/v2\/posts\/1264\/revisions"}],"predecessor-version":[{"id":2157,"href":"https:\/\/utfpr.curitiba.br\/bibliotecadesigncenico\/index.php?rest_route=\/wp\/v2\/posts\/1264\/revisions\/2157"}],"wp:attachment":[{"href":"https:\/\/utfpr.curitiba.br\/bibliotecadesigncenico\/index.php?rest_route=%2Fwp%2Fv2%2Fmedia&parent=1264"}],"wp:term":[{"taxonomy":"category","embeddable":true,"href":"https:\/\/utfpr.curitiba.br\/bibliotecadesigncenico\/index.php?rest_route=%2Fwp%2Fv2%2Fcategories&post=1264"},{"taxonomy":"post_tag","embeddable":true,"href":"https:\/\/utfpr.curitiba.br\/bibliotecadesigncenico\/index.php?rest_route=%2Fwp%2Fv2%2Ftags&post=1264"}],"curies":[{"name":"wp","href":"https:\/\/api.w.org\/{rel}","templated":true}]}}