{"id":1259,"date":"2021-06-15T09:00:00","date_gmt":"2021-06-15T12:00:00","guid":{"rendered":"https:\/\/bibliotecadesigncenico.ct.utfpr.edu.br\/?p=1259"},"modified":"2021-08-24T10:08:08","modified_gmt":"2021-08-24T13:08:08","slug":"danca-e-ritual-do-sagrado-ao-cenico","status":"publish","type":"post","link":"https:\/\/utfpr.curitiba.br\/bibliotecadesigncenico\/?p=1259","title":{"rendered":"Dan\u00e7a e ritual: do sagrado ao c\u00eanico"},"content":{"rendered":"\t\t<div data-elementor-type=\"wp-post\" data-elementor-id=\"1259\" class=\"elementor elementor-1259\">\n\t\t\t\t\t\t<section class=\"elementor-section elementor-top-section elementor-element elementor-element-171d05f elementor-section-boxed elementor-section-height-default elementor-section-height-default\" data-id=\"171d05f\" data-element_type=\"section\" data-e-type=\"section\">\n\t\t\t\t\t\t<div class=\"elementor-container elementor-column-gap-default\">\n\t\t\t\t\t<div class=\"elementor-column elementor-col-100 elementor-top-column elementor-element elementor-element-0b08579\" data-id=\"0b08579\" data-element_type=\"column\" data-e-type=\"column\">\n\t\t\t<div class=\"elementor-widget-wrap elementor-element-populated\">\n\t\t\t\t\t\t<div class=\"elementor-element elementor-element-cdfcaba elementor-widget elementor-widget-text-editor\" data-id=\"cdfcaba\" data-element_type=\"widget\" data-e-type=\"widget\" data-widget_type=\"text-editor.default\">\n\t\t\t\t<div class=\"elementor-widget-container\">\n\t\t\t\t\t\t\t\t\t<p>MACHADO, Felipe Wircker. <strong>Dan\u00e7a e ritual: do sagrado ao c\u00eanico<\/strong>. Tese (doutorado em Literatura, Cultura e Contemporaneidade ) &#8211; PUC-RJ, 2018.<\/p><p>Palavras-chave: Dan\u00e7a; artes c\u00eanicas; corpo; candombl\u00e9; ritual; racismo; biopol\u00edtica; paradigma imunit\u00e1rio.<\/p><p>Resumo: A presente tese se debru\u00e7a sobre a passagem das dan\u00e7as de orix\u00e1 do terreiro para as artes c\u00eanicas, no intuito de pensar a rela\u00e7\u00e3o entre arte e sagrado atrav\u00e9s de trabalhos em dan\u00e7a de core\u00f3grafos brasileiros. Para isto, no entanto, parte de uma revis\u00e3o cr\u00edtica da perspectiva simb\u00f3lico-representativa que guia as an\u00e1lises de textos can\u00f4nicos sobre o candombl\u00e9, oriundos das disciplinas de antropologia e etnologia, sobretudo. Com este movimento inicial, se prop\u00f5e a questionar esta perspectiva como um pressuposto ou um paradigma das an\u00e1lises que n\u00e3o leva em considera\u00e7\u00e3o uma cr\u00edtica \u00e0 tradi\u00e7\u00e3o do pensamento por representa\u00e7\u00e3o, ao passo que o candombl\u00e9 teria seus \u201cpr\u00f3prios\u201d pressupostos filos\u00f3ficos e cosmol\u00f3gicos, como uma vis\u00e3o de mundo que n\u00e3o necessariamente opera pela fun\u00e7\u00e3o simb\u00f3licorepresentativa. Em seguida, dedica-se a uma releitura da quest\u00e3o da biopol\u00edtica a partir do \u201cparadigma imunit\u00e1rio\u201d, que relaciona o saber cient\u00edfico sobre o corpo a uma concep\u00e7\u00e3o de pol\u00edtica e democracia, interessante para se pensar a rela\u00e7\u00e3o de uma sociedade fundada sob o regime colonial e escravista com os modos de vida e as vis\u00f5es de mundo n\u00e3o europeias no Brasil, uma vez que o candombl\u00e9 foi se constituindo como uma religi\u00e3o \u00e0 qual estas quest\u00f5es conflu\u00edam, tendo em vista o dinamismo inerente \u00e0 tradi\u00e7\u00e3o em que se fundamenta o culto. Por fim, a dan\u00e7a surge como campo de pensamento e de saber no qual as contradi\u00e7\u00f5es se encontram e se resolvem a partir de um trabalho com o corpo, ressaltando positivamente sua multiplicidade \u2014 e n\u00e3o, como no projeto biopol\u00edtico, no intuito de confin\u00e1-lo mediante concep\u00e7\u00f5es dicot\u00f4micas. Isto se d\u00e1, primeiramente, a partir de uma reflex\u00e3o acerca da import\u00e2ncia do som e da m\u00fasica como modos de pensar as organiza\u00e7\u00f5es pol\u00edticas, econ\u00f4micas e sociais, numa desierarquiza\u00e7\u00e3o dos sentidos a partir da qual emergem racionalidades e vis\u00f5es de mundo. Finalmente, o trabalho de core\u00f3grafos e bailarinos brasileiros que tomam como t\u00e9cnica n\u00e3o s\u00f3 as dan\u00e7as de matriz europeia, como o bal\u00e9 cl\u00e1ssico, as dan\u00e7as moderna e contempor\u00e2nea, mas tamb\u00e9m as dan\u00e7as de matriz africana, mais especificamente, os p\u00e9s de dan\u00e7a de orix\u00e1. Essa passagem dos terreiros para o palco vem a levantar uma discuss\u00e3o sobre a rela\u00e7\u00e3o entre o sagrado, o ritual e a arte, como campos que, segundo uma vis\u00e3o de mundo do candombl\u00e9, se pudermos chamar assim, n\u00e3o est\u00e3o separados.<\/p><p>Link: <a href=\"https:\/\/www.maxwell.vrac.puc-rio.br\/colecao.php?strSecao=resultado&amp;nrSeq=34817@1\">https:\/\/www.maxwell.vrac.puc-rio.br\/colecao.php?strSecao=resultado&amp;nrSeq=34817@1<\/a><\/p>\t\t\t\t\t\t\t\t<\/div>\n\t\t\t\t<\/div>\n\t\t\t\t<div class=\"elementor-element elementor-element-ba4e3ef elementor--star-style-star_fontawesome elementor-widget elementor-widget-star-rating\" data-id=\"ba4e3ef\" data-element_type=\"widget\" data-e-type=\"widget\" data-widget_type=\"star-rating.default\">\n\t\t\t\t<div class=\"elementor-widget-container\">\n\t\t\t\t\t\t\t<div class=\"elementor-star-rating__wrapper\">\n\t\t\t\t\t\t<div class=\"elementor-star-rating\" itemtype=\"http:\/\/schema.org\/Rating\" itemscope=\"\" itemprop=\"reviewRating\">\n\t\t\t\t<i class=\"elementor-star-full\" aria-hidden=\"true\">&#xE934;<\/i><i class=\"elementor-star-full\" aria-hidden=\"true\">&#xE934;<\/i><i class=\"elementor-star-full\" aria-hidden=\"true\">&#xE934;<\/i><i class=\"elementor-star-full\" aria-hidden=\"true\">&#xE934;<\/i><i class=\"elementor-star-full\" aria-hidden=\"true\">&#xE934;<\/i>\t\t\t\t<span itemprop=\"ratingValue\" class=\"elementor-screen-only\">Rated 5 out of 5<\/span>\n\t\t\t<\/div>\n\t\t<\/div>\n\t\t\t\t\t\t<\/div>\n\t\t\t\t<\/div>\n\t\t\t\t\t<\/div>\n\t\t<\/div>\n\t\t\t\t\t<\/div>\n\t\t<\/section>\n\t\t\t\t<\/div>\n\t\t","protected":false},"excerpt":{"rendered":"<p>MACHADO, Felipe Wircker. Dan\u00e7a e ritual: do sagrado ao c\u00eanico. Tese (doutorado em Literatura, Cultura e Contemporaneidade ) &#8211; PUC-RJ, 2018. Palavras-chave: Dan\u00e7a; artes c\u00eanicas; corpo; candombl\u00e9; ritual; racismo; biopol\u00edtica; paradigma imunit\u00e1rio. Resumo: A presente tese se debru\u00e7a sobre a &hellip; <a href=\"https:\/\/utfpr.curitiba.br\/bibliotecadesigncenico\/?p=1259\">Continue lendo <span class=\"meta-nav\">&rarr;<\/span><\/a><\/p>\n","protected":false},"author":5,"featured_media":0,"comment_status":"closed","ping_status":"","sticky":false,"template":"","format":"standard","meta":{"footnotes":""},"categories":[10],"tags":[],"class_list":["post-1259","post","type-post","status-publish","format-standard","hentry","category-diversos"],"_links":{"self":[{"href":"https:\/\/utfpr.curitiba.br\/bibliotecadesigncenico\/index.php?rest_route=\/wp\/v2\/posts\/1259","targetHints":{"allow":["GET"]}}],"collection":[{"href":"https:\/\/utfpr.curitiba.br\/bibliotecadesigncenico\/index.php?rest_route=\/wp\/v2\/posts"}],"about":[{"href":"https:\/\/utfpr.curitiba.br\/bibliotecadesigncenico\/index.php?rest_route=\/wp\/v2\/types\/post"}],"author":[{"embeddable":true,"href":"https:\/\/utfpr.curitiba.br\/bibliotecadesigncenico\/index.php?rest_route=\/wp\/v2\/users\/5"}],"replies":[{"embeddable":true,"href":"https:\/\/utfpr.curitiba.br\/bibliotecadesigncenico\/index.php?rest_route=%2Fwp%2Fv2%2Fcomments&post=1259"}],"version-history":[{"count":5,"href":"https:\/\/utfpr.curitiba.br\/bibliotecadesigncenico\/index.php?rest_route=\/wp\/v2\/posts\/1259\/revisions"}],"predecessor-version":[{"id":2156,"href":"https:\/\/utfpr.curitiba.br\/bibliotecadesigncenico\/index.php?rest_route=\/wp\/v2\/posts\/1259\/revisions\/2156"}],"wp:attachment":[{"href":"https:\/\/utfpr.curitiba.br\/bibliotecadesigncenico\/index.php?rest_route=%2Fwp%2Fv2%2Fmedia&parent=1259"}],"wp:term":[{"taxonomy":"category","embeddable":true,"href":"https:\/\/utfpr.curitiba.br\/bibliotecadesigncenico\/index.php?rest_route=%2Fwp%2Fv2%2Fcategories&post=1259"},{"taxonomy":"post_tag","embeddable":true,"href":"https:\/\/utfpr.curitiba.br\/bibliotecadesigncenico\/index.php?rest_route=%2Fwp%2Fv2%2Ftags&post=1259"}],"curies":[{"name":"wp","href":"https:\/\/api.w.org\/{rel}","templated":true}]}}