{"id":1249,"date":"2021-06-15T09:00:00","date_gmt":"2021-06-15T12:00:00","guid":{"rendered":"https:\/\/bibliotecadesigncenico.ct.utfpr.edu.br\/?p=1249"},"modified":"2021-07-08T02:21:31","modified_gmt":"2021-07-08T05:21:31","slug":"do-descartavel-ao-efemero-a-reducao-do-impacto-ambiental-no-design-de-espacos-do-acontecimento","status":"publish","type":"post","link":"https:\/\/utfpr.curitiba.br\/bibliotecadesigncenico\/?p=1249","title":{"rendered":"Do Descart\u00e1vel ao Ef\u00eamero: A Redu\u00e7\u00e3o do Impacto Ambiental no Design de Espa\u00e7os do Acontecimento"},"content":{"rendered":"\t\t<div data-elementor-type=\"wp-post\" data-elementor-id=\"1249\" class=\"elementor elementor-1249\">\n\t\t\t\t\t\t<section class=\"elementor-section elementor-top-section elementor-element elementor-element-8f7c10f elementor-section-boxed elementor-section-height-default elementor-section-height-default\" data-id=\"8f7c10f\" data-element_type=\"section\" data-e-type=\"section\">\n\t\t\t\t\t\t<div class=\"elementor-container elementor-column-gap-default\">\n\t\t\t\t\t<div class=\"elementor-column elementor-col-100 elementor-top-column elementor-element elementor-element-669ecc0\" data-id=\"669ecc0\" data-element_type=\"column\" data-e-type=\"column\">\n\t\t\t<div class=\"elementor-widget-wrap elementor-element-populated\">\n\t\t\t\t\t\t<div class=\"elementor-element elementor-element-a0014e9 elementor-widget elementor-widget-text-editor\" data-id=\"a0014e9\" data-element_type=\"widget\" data-e-type=\"widget\" data-widget_type=\"text-editor.default\">\n\t\t\t\t<div class=\"elementor-widget-container\">\n\t\t\t\t\t\t\t\t\t<p>RIBEIRO, Suzane de Queiroz. <strong>Do Descart\u00e1vel ao Ef\u00eamero: A Redu\u00e7\u00e3o do Impacto Ambiental no Design de Espa\u00e7os do Acontecimento<\/strong>. Disserta\u00e7\u00e3o (Mestrado em Design) PUC-RJ, 2019.<\/p><p>Palavras-chave: Acontecimento; Cenografia; Descart\u00e1vel; Design; Ef\u00eamero; Espa\u00e7os; Impacto ambiental; Materiais; Natureza; Sistemas.<\/p><p>Resumo: O objetivo principal da disserta\u00e7\u00e3o \u00e9 o exame da potencialidade criativa do design de espa\u00e7os de curtos per\u00edodos de frui\u00e7\u00e3o do p\u00fablico na elabora\u00e7\u00e3o e implanta\u00e7\u00e3o de solu\u00e7\u00f5es rumo a redu\u00e7\u00e3o do seu impacto ambiental. A atividade foco da pesquisa ser\u00e1 designada como design de espa\u00e7os do acontecimento, uma atividade comumente chamada cenografia, mas que transborda os palcos. Intensificada no final do s\u00e9c. XX, tal atividade se torna cada vez mais potente no ambiente contempor\u00e2neo da cidade do Rio de Janeiro. Identifica-se, contudo, um paradoxo no que tange a din\u00e2mica de cria\u00e7\u00e3o e constru\u00e7\u00e3o desses espa\u00e7os e o ciclo de vida dos materiais utilizados. A extensa gama de materiais geralmente especificados nessas constru\u00e7\u00f5es apresenta in\u00fameras propriedades favor\u00e1veis, como facilidade de manuseio e transporte, resist\u00eancia estrutural, flexibilidade e leveza, al\u00e9m de diversificadas qualidades est\u00e9ticas. Por outro lado, tais materiais apresentam tamb\u00e9m uma durabilidade infinitamente maior do que os curtos per\u00edodos de uso aos quais s\u00e3o submetidos. Observa-se necess\u00e1rio evidenciar o eufemismo que mascara a realidade n\u00e3o ef\u00eamera, mas essencialmente descart\u00e1vel dessas constru\u00e7\u00f5es, atrav\u00e9s da an\u00e1lise de suas dura\u00e7\u00f5es e de sua cadeia criativa-produtiva. Ser\u00e3o apresentados e analisados casos refer\u00eancia que se constituem como prot\u00f3tipos de solu\u00e7\u00f5es para a aproxima\u00e7\u00e3o da cria\u00e7\u00e3o e constru\u00e7\u00e3o dos espa\u00e7os do acontecimento aos valores inerentes aos ciclos ef\u00eameros biol\u00f3gicos da natureza. Conclui-se que \u00e9 necess\u00e1rio e poss\u00edvel encontrar novas solu\u00e7\u00f5es menos agressivas com o meio ambiente a partir da problematiza\u00e7\u00e3o de cada etapa da cadeia criativa-produtiva da atividade, assim como tamb\u00e9m que a inser\u00e7\u00e3o dos projetos em sistemas pr\u00e9 e\/ ou p\u00f3s existentes a ele, resultam em possibilidades de caminhos rumo a uma descontinuidade sist\u00eamica da atividade e a redu\u00e7\u00e3o do seu impacto ambiental.<\/p><p>Link: <a href=\"https:\/\/www.maxwell.vrac.puc-rio.br\/colecao.php?strSecao=resultado&amp;nrSeq=47455@1\">https:\/\/www.maxwell.vrac.puc-rio.br\/colecao.php?strSecao=resultado&amp;nrSeq=47455@1<\/a><\/p>\t\t\t\t\t\t\t\t<\/div>\n\t\t\t\t<\/div>\n\t\t\t\t<div class=\"elementor-element elementor-element-a4f0b2c elementor--star-style-star_fontawesome elementor-widget elementor-widget-star-rating\" data-id=\"a4f0b2c\" data-element_type=\"widget\" data-e-type=\"widget\" data-widget_type=\"star-rating.default\">\n\t\t\t\t<div class=\"elementor-widget-container\">\n\t\t\t\t\t\t\t<div class=\"elementor-star-rating__wrapper\">\n\t\t\t\t\t\t<div class=\"elementor-star-rating\" itemtype=\"http:\/\/schema.org\/Rating\" itemscope=\"\" itemprop=\"reviewRating\">\n\t\t\t\t<i class=\"elementor-star-full\" aria-hidden=\"true\">&#xE934;<\/i><i class=\"elementor-star-full\" aria-hidden=\"true\">&#xE934;<\/i><i class=\"elementor-star-full\" aria-hidden=\"true\">&#xE934;<\/i><i class=\"elementor-star-full\" aria-hidden=\"true\">&#xE934;<\/i><i class=\"elementor-star-full\" aria-hidden=\"true\">&#xE934;<\/i>\t\t\t\t<span itemprop=\"ratingValue\" class=\"elementor-screen-only\">Rated 5 out of 5<\/span>\n\t\t\t<\/div>\n\t\t<\/div>\n\t\t\t\t\t\t<\/div>\n\t\t\t\t<\/div>\n\t\t\t\t\t<\/div>\n\t\t<\/div>\n\t\t\t\t\t<\/div>\n\t\t<\/section>\n\t\t\t\t<\/div>\n\t\t","protected":false},"excerpt":{"rendered":"<p>RIBEIRO, Suzane de Queiroz. Do Descart\u00e1vel ao Ef\u00eamero: A Redu\u00e7\u00e3o do Impacto Ambiental no Design de Espa\u00e7os do Acontecimento. Disserta\u00e7\u00e3o (Mestrado em Design) PUC-RJ, 2019. Palavras-chave: Acontecimento; Cenografia; Descart\u00e1vel; Design; Ef\u00eamero; Espa\u00e7os; Impacto ambiental; Materiais; Natureza; Sistemas. Resumo: O objetivo &hellip; <a href=\"https:\/\/utfpr.curitiba.br\/bibliotecadesigncenico\/?p=1249\">Continue lendo <span class=\"meta-nav\">&rarr;<\/span><\/a><\/p>\n","protected":false},"author":5,"featured_media":0,"comment_status":"closed","ping_status":"closed","sticky":false,"template":"","format":"standard","meta":{"footnotes":""},"categories":[3,422],"tags":[],"class_list":["post-1249","post","type-post","status-publish","format-standard","hentry","category-cenografia","category-livros"],"_links":{"self":[{"href":"https:\/\/utfpr.curitiba.br\/bibliotecadesigncenico\/index.php?rest_route=\/wp\/v2\/posts\/1249","targetHints":{"allow":["GET"]}}],"collection":[{"href":"https:\/\/utfpr.curitiba.br\/bibliotecadesigncenico\/index.php?rest_route=\/wp\/v2\/posts"}],"about":[{"href":"https:\/\/utfpr.curitiba.br\/bibliotecadesigncenico\/index.php?rest_route=\/wp\/v2\/types\/post"}],"author":[{"embeddable":true,"href":"https:\/\/utfpr.curitiba.br\/bibliotecadesigncenico\/index.php?rest_route=\/wp\/v2\/users\/5"}],"replies":[{"embeddable":true,"href":"https:\/\/utfpr.curitiba.br\/bibliotecadesigncenico\/index.php?rest_route=%2Fwp%2Fv2%2Fcomments&post=1249"}],"version-history":[{"count":4,"href":"https:\/\/utfpr.curitiba.br\/bibliotecadesigncenico\/index.php?rest_route=\/wp\/v2\/posts\/1249\/revisions"}],"predecessor-version":[{"id":1253,"href":"https:\/\/utfpr.curitiba.br\/bibliotecadesigncenico\/index.php?rest_route=\/wp\/v2\/posts\/1249\/revisions\/1253"}],"wp:attachment":[{"href":"https:\/\/utfpr.curitiba.br\/bibliotecadesigncenico\/index.php?rest_route=%2Fwp%2Fv2%2Fmedia&parent=1249"}],"wp:term":[{"taxonomy":"category","embeddable":true,"href":"https:\/\/utfpr.curitiba.br\/bibliotecadesigncenico\/index.php?rest_route=%2Fwp%2Fv2%2Fcategories&post=1249"},{"taxonomy":"post_tag","embeddable":true,"href":"https:\/\/utfpr.curitiba.br\/bibliotecadesigncenico\/index.php?rest_route=%2Fwp%2Fv2%2Ftags&post=1249"}],"curies":[{"name":"wp","href":"https:\/\/api.w.org\/{rel}","templated":true}]}}