{"id":1244,"date":"2021-06-15T09:00:00","date_gmt":"2021-06-15T12:00:00","guid":{"rendered":"https:\/\/bibliotecadesigncenico.ct.utfpr.edu.br\/?p=1244"},"modified":"2021-06-14T12:41:37","modified_gmt":"2021-06-14T15:41:37","slug":"a-luz-nos-cenarios-de-servicos-fenomenologia-da-experiencia-interativa-dos-participantes-dos-encontros-de-servicos-com-a-iluminacao-ambiental","status":"publish","type":"post","link":"https:\/\/utfpr.curitiba.br\/bibliotecadesigncenico\/?p=1244","title":{"rendered":"A luz nos cen\u00e1rios de servi\u00e7os: fenomenologia da experi\u00eancia interativa dos participantes dos encontros de servi\u00e7os com a ilumina\u00e7\u00e3o ambiental"},"content":{"rendered":"\t\t<div data-elementor-type=\"wp-post\" data-elementor-id=\"1244\" class=\"elementor elementor-1244\">\n\t\t\t\t\t\t<section class=\"elementor-section elementor-top-section elementor-element elementor-element-b07bcbe elementor-section-boxed elementor-section-height-default elementor-section-height-default\" data-id=\"b07bcbe\" data-element_type=\"section\" data-e-type=\"section\">\n\t\t\t\t\t\t<div class=\"elementor-container elementor-column-gap-default\">\n\t\t\t\t\t<div class=\"elementor-column elementor-col-100 elementor-top-column elementor-element elementor-element-6f114c0\" data-id=\"6f114c0\" data-element_type=\"column\" data-e-type=\"column\">\n\t\t\t<div class=\"elementor-widget-wrap elementor-element-populated\">\n\t\t\t\t\t\t<div class=\"elementor-element elementor-element-3c5515c elementor-widget elementor-widget-text-editor\" data-id=\"3c5515c\" data-element_type=\"widget\" data-e-type=\"widget\" data-widget_type=\"text-editor.default\">\n\t\t\t\t<div class=\"elementor-widget-container\">\n\t\t\t\t\t\t\t\t\t<p><span data-sheets-value=\"{\" data-sheets-userformat=\"{\">CARVALHO, Jos\u00e9 Luis Felicio dos Santos de. <strong>A luz nos cen\u00e1rios de servi\u00e7os: fenomenologia da experi\u00eancia interativa dos participantes dos encontros de servi\u00e7os com a ilumina\u00e7\u00e3o ambiental<\/strong>. Tese (Doutorado em Administra\u00e7\u00e3o) \u2013 PUC-RJ, 2003.<\/span><\/p><p><span data-sheets-value=\"{\" data-sheets-userformat=\"{\">SOUZA, Sara. <strong>A <\/strong>. Disserta\u00e7\u00e3o (Programa) &#8211; Universidade Federal de Santa Catarina, 2006.<\/span><\/p><p>Palavras-chave: Ilumina\u00e7\u00e3o; cen\u00e1rios de servi\u00e7os; tribos de consumidores; fenomenologia; interacionismo simb\u00f3lico.<\/p><p>Resumo: Desenvolvido como estudo fenomenol\u00f3gico-hermen\u00eautico, o trabalho que se passa a apresentar busca ampliar a compreens\u00e3o acerca das experi\u00eancias interativas s\u00f3cio-t\u00e9cnicas que t\u00eam os participantes dos encontros de servi\u00e7os com a ilumina\u00e7\u00e3o ambiental oferecida pelos cen\u00e1rios das empresas. Para tanto, conduziu-se uma revis\u00e3o bibliogr\u00e1fica focada na vis\u00e3o das lojas de servi\u00e7os como constru\u00e7\u00f5es espaciais de uma representa\u00e7\u00e3o na qual o ambiente f\u00edsico da empresa constitui o cen\u00e1rio de um espet\u00e1culo teatral em que a luz torna-se um elemento primordial. Seguindo uma perspectiva simultaneamente interdisciplinar e transdisciplinar, recorreu-se \u00e0s disciplinas da Biologia, da Medicina, da \u00d3ptica F\u00edsica, da F\u00edsica Qu\u00e2ntica, da Psicologia Ambiental, da Antropologia, da Semi\u00f3tica, da Arquitetura e das Artes C\u00eanicas para acessar as principais constru\u00e7\u00f5es te\u00f3ricas acerca da luz e para empreender esfor\u00e7os no sentido de responder \u00e0 desordem de pesquisa. Realizou-se tamb\u00e9m um estudo de campo em lojas tem\u00e1ticas de servi\u00e7os, nas quais foram realizadas observa\u00e7\u00f5es e entrevistas de base qualitativa junto \u00e0queles que experimentaram o fen\u00f4meno que se estava examinando. Em acordo com os preceitos da an\u00e1lise de conte\u00fado e da an\u00e1lise interparticipante, os depoimentos foram interpretados, classificados e utilizados para gerar proposi\u00e7\u00f5es, as quais foram submetidas a um grupo de cinco informantes-chave e, posteriormente, oferecidas como possibilidades de se chegar a uma melhor compreens\u00e3o das experi\u00eancias dos participantes dos encontros de servi\u00e7os com a luz.<\/p><p>Link: <a href=\"https:\/\/doi.org\/10.17771\/PUCRio.acad.4401\">https:\/\/doi.org\/10.17771\/PUCRio.acad.4401<\/a><\/p>\t\t\t\t\t\t\t\t<\/div>\n\t\t\t\t<\/div>\n\t\t\t\t<div class=\"elementor-element elementor-element-5a816a1 elementor--star-style-star_fontawesome elementor-widget elementor-widget-star-rating\" data-id=\"5a816a1\" data-element_type=\"widget\" data-e-type=\"widget\" data-widget_type=\"star-rating.default\">\n\t\t\t\t<div class=\"elementor-widget-container\">\n\t\t\t\t\t\t\t<div class=\"elementor-star-rating__wrapper\">\n\t\t\t\t\t\t<div class=\"elementor-star-rating\" itemtype=\"http:\/\/schema.org\/Rating\" itemscope=\"\" itemprop=\"reviewRating\">\n\t\t\t\t<i class=\"elementor-star-full\" aria-hidden=\"true\">&#xE934;<\/i><i class=\"elementor-star-full\" aria-hidden=\"true\">&#xE934;<\/i><i class=\"elementor-star-full\" aria-hidden=\"true\">&#xE934;<\/i><i class=\"elementor-star-full\" aria-hidden=\"true\">&#xE934;<\/i><i class=\"elementor-star-full\" aria-hidden=\"true\">&#xE934;<\/i>\t\t\t\t<span itemprop=\"ratingValue\" class=\"elementor-screen-only\">Rated 5 out of 5<\/span>\n\t\t\t<\/div>\n\t\t<\/div>\n\t\t\t\t\t\t<\/div>\n\t\t\t\t<\/div>\n\t\t\t\t\t<\/div>\n\t\t<\/div>\n\t\t\t\t\t<\/div>\n\t\t<\/section>\n\t\t\t\t<\/div>\n\t\t","protected":false},"excerpt":{"rendered":"<p>CARVALHO, Jos\u00e9 Luis Felicio dos Santos de. A luz nos cen\u00e1rios de servi\u00e7os: fenomenologia da experi\u00eancia interativa dos participantes dos encontros de servi\u00e7os com a ilumina\u00e7\u00e3o ambiental. Tese (Doutorado em Administra\u00e7\u00e3o) \u2013 PUC-RJ, 2003. SOUZA, Sara. A . Disserta\u00e7\u00e3o (Programa) &hellip; <a href=\"https:\/\/utfpr.curitiba.br\/bibliotecadesigncenico\/?p=1244\">Continue lendo <span class=\"meta-nav\">&rarr;<\/span><\/a><\/p>\n","protected":false},"author":5,"featured_media":0,"comment_status":"closed","ping_status":"","sticky":false,"template":"","format":"standard","meta":{"footnotes":""},"categories":[5],"tags":[],"class_list":["post-1244","post","type-post","status-publish","format-standard","hentry","category-iluminacao"],"_links":{"self":[{"href":"https:\/\/utfpr.curitiba.br\/bibliotecadesigncenico\/index.php?rest_route=\/wp\/v2\/posts\/1244","targetHints":{"allow":["GET"]}}],"collection":[{"href":"https:\/\/utfpr.curitiba.br\/bibliotecadesigncenico\/index.php?rest_route=\/wp\/v2\/posts"}],"about":[{"href":"https:\/\/utfpr.curitiba.br\/bibliotecadesigncenico\/index.php?rest_route=\/wp\/v2\/types\/post"}],"author":[{"embeddable":true,"href":"https:\/\/utfpr.curitiba.br\/bibliotecadesigncenico\/index.php?rest_route=\/wp\/v2\/users\/5"}],"replies":[{"embeddable":true,"href":"https:\/\/utfpr.curitiba.br\/bibliotecadesigncenico\/index.php?rest_route=%2Fwp%2Fv2%2Fcomments&post=1244"}],"version-history":[{"count":4,"href":"https:\/\/utfpr.curitiba.br\/bibliotecadesigncenico\/index.php?rest_route=\/wp\/v2\/posts\/1244\/revisions"}],"predecessor-version":[{"id":1248,"href":"https:\/\/utfpr.curitiba.br\/bibliotecadesigncenico\/index.php?rest_route=\/wp\/v2\/posts\/1244\/revisions\/1248"}],"wp:attachment":[{"href":"https:\/\/utfpr.curitiba.br\/bibliotecadesigncenico\/index.php?rest_route=%2Fwp%2Fv2%2Fmedia&parent=1244"}],"wp:term":[{"taxonomy":"category","embeddable":true,"href":"https:\/\/utfpr.curitiba.br\/bibliotecadesigncenico\/index.php?rest_route=%2Fwp%2Fv2%2Fcategories&post=1244"},{"taxonomy":"post_tag","embeddable":true,"href":"https:\/\/utfpr.curitiba.br\/bibliotecadesigncenico\/index.php?rest_route=%2Fwp%2Fv2%2Ftags&post=1244"}],"curies":[{"name":"wp","href":"https:\/\/api.w.org\/{rel}","templated":true}]}}