{"id":1236,"date":"2021-06-14T09:00:00","date_gmt":"2021-06-14T12:00:00","guid":{"rendered":"https:\/\/bibliotecadesigncenico.ct.utfpr.edu.br\/?p=1236"},"modified":"2021-06-11T18:45:58","modified_gmt":"2021-06-11T21:45:58","slug":"elementor-1236","status":"publish","type":"post","link":"https:\/\/utfpr.curitiba.br\/bibliotecadesigncenico\/?p=1236","title":{"rendered":"M\u00fasica-como-teatro: uma pr\u00e1tica composicional e sua autoan\u00e1lise"},"content":{"rendered":"\t\t<div data-elementor-type=\"wp-post\" data-elementor-id=\"1236\" class=\"elementor elementor-1236\">\n\t\t\t\t\t\t<section class=\"elementor-section elementor-top-section elementor-element elementor-element-c7032b6 elementor-section-boxed elementor-section-height-default elementor-section-height-default\" data-id=\"c7032b6\" data-element_type=\"section\" data-e-type=\"section\">\n\t\t\t\t\t\t<div class=\"elementor-container elementor-column-gap-default\">\n\t\t\t\t\t<div class=\"elementor-column elementor-col-100 elementor-top-column elementor-element elementor-element-ba9e492\" data-id=\"ba9e492\" data-element_type=\"column\" data-e-type=\"column\">\n\t\t\t<div class=\"elementor-widget-wrap elementor-element-populated\">\n\t\t\t\t\t\t<div class=\"elementor-element elementor-element-8bcc40f elementor-widget elementor-widget-text-editor\" data-id=\"8bcc40f\" data-element_type=\"widget\" data-e-type=\"widget\" data-widget_type=\"text-editor.default\">\n\t\t\t\t<div class=\"elementor-widget-container\">\n\t\t\t\t\t\t\t\t\t<p><span data-sheets-value=\"{&quot;1&quot;:2,&quot;2&quot;:&quot;OLIVEIRA, Heitor Martins. M\u00fasica-como-teatro: uma pr\u00e1tica composicional e sua autoan\u00e1lise. Tese (Doutorado em M\u00fasica) \u2013 UFRGS, 2018.&quot;}\" data-sheets-userformat=\"{&quot;2&quot;:577,&quot;3&quot;:{&quot;1&quot;:0},&quot;9&quot;:0,&quot;12&quot;:0}\">OLIVEIRA, Heitor Martins. <strong>M\u00fasica-como-teatro: uma pr\u00e1tica composicional e sua autoan\u00e1lise<\/strong>. Tese (Doutorado em M\u00fasica) \u2013 UFRGS, 2018.<\/span><\/p><p>Palavras-chave: <span data-sheets-value=\"{&quot;1&quot;:2,&quot;2&quot;:&quot;Composi\u00e7\u00e3o musical; Teatralidade; Dramaturgia; Autoan\u00e1lise composicional.&quot;}\" data-sheets-userformat=\"{&quot;2&quot;:573,&quot;3&quot;:{&quot;1&quot;:0},&quot;5&quot;:{&quot;1&quot;:[{&quot;1&quot;:2,&quot;2&quot;:0,&quot;5&quot;:[null,2,0]},{&quot;1&quot;:0,&quot;2&quot;:0,&quot;3&quot;:3},{&quot;1&quot;:1,&quot;2&quot;:0,&quot;4&quot;:1}]},&quot;6&quot;:{&quot;1&quot;:[{&quot;1&quot;:2,&quot;2&quot;:0,&quot;5&quot;:[null,2,0]},{&quot;1&quot;:0,&quot;2&quot;:0,&quot;3&quot;:3},{&quot;1&quot;:1,&quot;2&quot;:0,&quot;4&quot;:1}]},&quot;7&quot;:{&quot;1&quot;:[{&quot;1&quot;:2,&quot;2&quot;:0,&quot;5&quot;:[null,2,0]},{&quot;1&quot;:0,&quot;2&quot;:0,&quot;3&quot;:3},{&quot;1&quot;:1,&quot;2&quot;:0,&quot;4&quot;:1}]},&quot;8&quot;:{&quot;1&quot;:[{&quot;1&quot;:2,&quot;2&quot;:0,&quot;5&quot;:[null,2,0]},{&quot;1&quot;:0,&quot;2&quot;:0,&quot;3&quot;:3},{&quot;1&quot;:1,&quot;2&quot;:0,&quot;4&quot;:1}]},&quot;12&quot;:0}\">Composi\u00e7\u00e3o musical; Teatralidade; Dramaturgia; Autoan\u00e1lise composicional.<\/span><\/p><p>Resumo: <span data-sheets-value=\"{&quot;1&quot;:2,&quot;2&quot;:&quot;A express\u00e3o compor m\u00fasica-como-teatro sintetiza e agrupa minhas contribui\u00e7\u00f5es no campo das rela\u00e7\u00f5es entre composi\u00e7\u00e3o musical e teatralidade, organizadas em tr\u00eas eixos de pr\u00e1tica e autoan\u00e1lise: 1- a situa\u00e7\u00e3o de performance musical como espa\u00e7o c\u00eanico; 2- a sele\u00e7\u00e3o e organiza\u00e7\u00e3o de materiais como jogo c\u00eanico e 3- estrutura e forma como encena\u00e7\u00e3o. A no\u00e7\u00e3o de compor m\u00fasica-como-teatro \u00e9 delimitada em di\u00e1logo com: afirmativas e obras de compositores como Luciano Berio, P\u00e9ter E\u00f6tv\u00f6s, Gilberto Mendes, Mauricio Kagel e Georges Aperghis; as categorias teatro musical, teatro instrumental e Teatro Composto, abordadas na bibliografia sobre m\u00fasica de concerto p\u00f3s-1960; as categorias teatralidade e dramaturgia, como discutidas em escritos de te\u00f3ricos que abordam as artes c\u00eanicas. Em s\u00edntese, compositores se movem em dire\u00e7\u00e3o ao teatro, eles comp\u00f5em com materiais gestuais e visuais, gerando partituras\/roteiros para performances c\u00eanico-musicais. A pr\u00e1tica de compor m\u00fasica-como-teatro pressup\u00f5e a inten\u00e7\u00e3o expressiva de incorporar a dimens\u00e3o est\u00e9tica de teatralidade da performance musical ao \u00e2mbito das escolhas composicionais. Avan\u00e7a ao adotar uma aproxima\u00e7\u00e3o entre composi\u00e7\u00e3o e dramaturgia: compor consiste em organizar um roteiro de a\u00e7\u00f5es com e sem implica\u00e7\u00e3o sonora concatenadas musicalmente \u2012 \u2012 e enquadradas em dispositivos de constru\u00e7\u00e3o e deslizamento de sentidos narrativos. O portf\u00f3lio apresenta partituras e registros audiovisuais de tr\u00eas pe\u00e7as: O Espelho (2015-2017), As Gera\u00e7\u00f5es dos Mortais Assemelham-se \u00e0s Folhas das \u00c1rvores (2015-2017) e I saw them together \u2012 I heard them together (2017).&quot;}\" data-sheets-userformat=\"{&quot;2&quot;:572,&quot;5&quot;:{&quot;1&quot;:[{&quot;1&quot;:2,&quot;2&quot;:0,&quot;5&quot;:[null,2,0]},{&quot;1&quot;:0,&quot;2&quot;:0,&quot;3&quot;:3},{&quot;1&quot;:1,&quot;2&quot;:0,&quot;4&quot;:1}]},&quot;6&quot;:{&quot;1&quot;:[{&quot;1&quot;:2,&quot;2&quot;:0,&quot;5&quot;:[null,2,0]},{&quot;1&quot;:0,&quot;2&quot;:0,&quot;3&quot;:3},{&quot;1&quot;:1,&quot;2&quot;:0,&quot;4&quot;:1}]},&quot;7&quot;:{&quot;1&quot;:[{&quot;1&quot;:2,&quot;2&quot;:0,&quot;5&quot;:[null,2,0]},{&quot;1&quot;:0,&quot;2&quot;:0,&quot;3&quot;:3},{&quot;1&quot;:1,&quot;2&quot;:0,&quot;4&quot;:1}]},&quot;8&quot;:{&quot;1&quot;:[{&quot;1&quot;:2,&quot;2&quot;:0,&quot;5&quot;:[null,2,0]},{&quot;1&quot;:0,&quot;2&quot;:0,&quot;3&quot;:3},{&quot;1&quot;:1,&quot;2&quot;:0,&quot;4&quot;:1}]},&quot;12&quot;:0}\">A express\u00e3o compor m\u00fasica-como-teatro sintetiza e agrupa minhas contribui\u00e7\u00f5es no campo das rela\u00e7\u00f5es entre composi\u00e7\u00e3o musical e teatralidade, organizadas em tr\u00eas eixos de pr\u00e1tica e autoan\u00e1lise: 1- a situa\u00e7\u00e3o de performance musical como espa\u00e7o c\u00eanico; 2- a sele\u00e7\u00e3o e organiza\u00e7\u00e3o de materiais como jogo c\u00eanico e 3- estrutura e forma como encena\u00e7\u00e3o. A no\u00e7\u00e3o de compor m\u00fasica-como-teatro \u00e9 delimitada em di\u00e1logo com: afirmativas e obras de compositores como Luciano Berio, P\u00e9ter E\u00f6tv\u00f6s, Gilberto Mendes, Mauricio Kagel e Georges Aperghis; as categorias teatro musical, teatro instrumental e Teatro Composto, abordadas na bibliografia sobre m\u00fasica de concerto p\u00f3s-1960; as categorias teatralidade e dramaturgia, como discutidas em escritos de te\u00f3ricos que abordam as artes c\u00eanicas. Em s\u00edntese, compositores se movem em dire\u00e7\u00e3o ao teatro, eles comp\u00f5em com materiais gestuais e visuais, gerando partituras\/roteiros para performances c\u00eanico-musicais. A pr\u00e1tica de compor m\u00fasica-como-teatro pressup\u00f5e a inten\u00e7\u00e3o expressiva de incorporar a dimens\u00e3o est\u00e9tica de teatralidade da performance musical ao \u00e2mbito das escolhas composicionais. Avan\u00e7a ao adotar uma aproxima\u00e7\u00e3o entre composi\u00e7\u00e3o e dramaturgia: compor consiste em organizar um roteiro de a\u00e7\u00f5es com e sem implica\u00e7\u00e3o sonora concatenadas musicalmente \u2012 \u2012 e enquadradas em dispositivos de constru\u00e7\u00e3o e deslizamento de sentidos narrativos. O portf\u00f3lio apresenta partituras e registros audiovisuais de tr\u00eas pe\u00e7as: O Espelho (2015-2017), As Gera\u00e7\u00f5es dos Mortais Assemelham-se \u00e0s Folhas das \u00c1rvores (2015-2017) e I saw them together \u2012 I heard them together (2017).<\/span><\/p><p>Link:<a href=\"http:\/\/hdl.handle.net\/11612\/1050\"> http:\/\/hdl.handle.net\/11612\/1050<\/a><\/p>\t\t\t\t\t\t\t\t<\/div>\n\t\t\t\t<\/div>\n\t\t\t\t\t<\/div>\n\t\t<\/div>\n\t\t\t\t\t<\/div>\n\t\t<\/section>\n\t\t\t\t<\/div>\n\t\t","protected":false},"excerpt":{"rendered":"<p>OLIVEIRA, Heitor Martins. M\u00fasica-como-teatro: uma pr\u00e1tica composicional e sua autoan\u00e1lise. Tese (Doutorado em M\u00fasica) \u2013 UFRGS, 2018. Palavras-chave: Composi\u00e7\u00e3o musical; Teatralidade; Dramaturgia; Autoan\u00e1lise composicional. Resumo: A express\u00e3o compor m\u00fasica-como-teatro sintetiza e agrupa minhas contribui\u00e7\u00f5es no campo das rela\u00e7\u00f5es entre composi\u00e7\u00e3o &hellip; <a href=\"https:\/\/utfpr.curitiba.br\/bibliotecadesigncenico\/?p=1236\">Continue lendo <span class=\"meta-nav\">&rarr;<\/span><\/a><\/p>\n","protected":false},"author":5,"featured_media":0,"comment_status":"closed","ping_status":"","sticky":false,"template":"","format":"standard","meta":{"footnotes":""},"categories":[7],"tags":[],"class_list":["post-1236","post","type-post","status-publish","format-standard","hentry","category-sonoplastia"],"_links":{"self":[{"href":"https:\/\/utfpr.curitiba.br\/bibliotecadesigncenico\/index.php?rest_route=\/wp\/v2\/posts\/1236","targetHints":{"allow":["GET"]}}],"collection":[{"href":"https:\/\/utfpr.curitiba.br\/bibliotecadesigncenico\/index.php?rest_route=\/wp\/v2\/posts"}],"about":[{"href":"https:\/\/utfpr.curitiba.br\/bibliotecadesigncenico\/index.php?rest_route=\/wp\/v2\/types\/post"}],"author":[{"embeddable":true,"href":"https:\/\/utfpr.curitiba.br\/bibliotecadesigncenico\/index.php?rest_route=\/wp\/v2\/users\/5"}],"replies":[{"embeddable":true,"href":"https:\/\/utfpr.curitiba.br\/bibliotecadesigncenico\/index.php?rest_route=%2Fwp%2Fv2%2Fcomments&post=1236"}],"version-history":[{"count":7,"href":"https:\/\/utfpr.curitiba.br\/bibliotecadesigncenico\/index.php?rest_route=\/wp\/v2\/posts\/1236\/revisions"}],"predecessor-version":[{"id":1243,"href":"https:\/\/utfpr.curitiba.br\/bibliotecadesigncenico\/index.php?rest_route=\/wp\/v2\/posts\/1236\/revisions\/1243"}],"wp:attachment":[{"href":"https:\/\/utfpr.curitiba.br\/bibliotecadesigncenico\/index.php?rest_route=%2Fwp%2Fv2%2Fmedia&parent=1236"}],"wp:term":[{"taxonomy":"category","embeddable":true,"href":"https:\/\/utfpr.curitiba.br\/bibliotecadesigncenico\/index.php?rest_route=%2Fwp%2Fv2%2Fcategories&post=1236"},{"taxonomy":"post_tag","embeddable":true,"href":"https:\/\/utfpr.curitiba.br\/bibliotecadesigncenico\/index.php?rest_route=%2Fwp%2Fv2%2Ftags&post=1236"}],"curies":[{"name":"wp","href":"https:\/\/api.w.org\/{rel}","templated":true}]}}