{"id":1175,"date":"2021-06-14T09:00:00","date_gmt":"2021-06-14T12:00:00","guid":{"rendered":"https:\/\/bibliotecadesigncenico.ct.utfpr.edu.br\/?p=1175"},"modified":"2021-06-11T18:00:30","modified_gmt":"2021-06-11T21:00:30","slug":"elementor-1175","status":"publish","type":"post","link":"https:\/\/utfpr.curitiba.br\/bibliotecadesigncenico\/?p=1175","title":{"rendered":"Di\u00e1logos de luz: a artista-iluminadora-pesquisadora em busca da visibilidade po\u00e9tica da luz."},"content":{"rendered":"\t\t<div data-elementor-type=\"wp-post\" data-elementor-id=\"1175\" class=\"elementor elementor-1175\">\n\t\t\t\t\t\t<section class=\"elementor-section elementor-top-section elementor-element elementor-element-0b40208 elementor-section-boxed elementor-section-height-default elementor-section-height-default\" data-id=\"0b40208\" data-element_type=\"section\" data-e-type=\"section\">\n\t\t\t\t\t\t<div class=\"elementor-container elementor-column-gap-default\">\n\t\t\t\t\t<div class=\"elementor-column elementor-col-100 elementor-top-column elementor-element elementor-element-3fea580\" data-id=\"3fea580\" data-element_type=\"column\" data-e-type=\"column\">\n\t\t\t<div class=\"elementor-widget-wrap elementor-element-populated\">\n\t\t\t\t\t\t<div class=\"elementor-element elementor-element-0ca82c8 elementor-widget elementor-widget-text-editor\" data-id=\"0ca82c8\" data-element_type=\"widget\" data-e-type=\"widget\" data-widget_type=\"text-editor.default\">\n\t\t\t\t<div class=\"elementor-widget-container\">\n\t\t\t\t\t\t\t\t\t<p><span data-sheets-value=\"{&quot;1&quot;:2,&quot;2&quot;:&quot;SILVA, Natasha Kerolen Leite da. Di\u00e1logos de luz: a artista-iluminadora-pesquisadora em busca da visibilidade po\u00e9tica da luz. Disserta\u00e7\u00e3o (Mestrado em Artes) - UFPA, 2016.&quot;}\" data-sheets-userformat=\"{&quot;2&quot;:7073,&quot;3&quot;:{&quot;1&quot;:0},&quot;8&quot;:{&quot;1&quot;:[{&quot;1&quot;:2,&quot;2&quot;:0,&quot;5&quot;:{&quot;1&quot;:0}},{&quot;1&quot;:0,&quot;2&quot;:0,&quot;3&quot;:3},{&quot;1&quot;:1,&quot;2&quot;:0,&quot;4&quot;:1}]},&quot;10&quot;:2,&quot;11&quot;:0,&quot;12&quot;:0,&quot;14&quot;:[null,2,2575891],&quot;15&quot;:&quot;Arial&quot;}\">SILVA, Natasha Kerolen Leite da. <strong>Di\u00e1logos de luz: a artista-iluminadora-pesquisadora em busca da visibilidade po\u00e9tica da luz.<\/strong> Disserta\u00e7\u00e3o (Mestrado em Artes) &#8211; UFPA, 2016.<\/span><\/p><p>Palavras-chave: <span data-sheets-value=\"{&quot;1&quot;:2,&quot;2&quot;:&quot;Artes c\u00eanicas; Ilumina\u00e7\u00e3o c\u00eanica; Ilumina\u00e7\u00e3o teatral; Po\u00e9tica.&quot;}\" data-sheets-userformat=\"{&quot;2&quot;:573,&quot;3&quot;:{&quot;1&quot;:0},&quot;5&quot;:{&quot;1&quot;:[{&quot;1&quot;:2,&quot;2&quot;:0,&quot;5&quot;:[null,2,0]},{&quot;1&quot;:0,&quot;2&quot;:0,&quot;3&quot;:3},{&quot;1&quot;:1,&quot;2&quot;:0,&quot;4&quot;:1}]},&quot;6&quot;:{&quot;1&quot;:[{&quot;1&quot;:2,&quot;2&quot;:0,&quot;5&quot;:[null,2,0]},{&quot;1&quot;:0,&quot;2&quot;:0,&quot;3&quot;:3},{&quot;1&quot;:1,&quot;2&quot;:0,&quot;4&quot;:1}]},&quot;7&quot;:{&quot;1&quot;:[{&quot;1&quot;:2,&quot;2&quot;:0,&quot;5&quot;:[null,2,0]},{&quot;1&quot;:0,&quot;2&quot;:0,&quot;3&quot;:3},{&quot;1&quot;:1,&quot;2&quot;:0,&quot;4&quot;:1}]},&quot;8&quot;:{&quot;1&quot;:[{&quot;1&quot;:2,&quot;2&quot;:0,&quot;5&quot;:[null,2,0]},{&quot;1&quot;:0,&quot;2&quot;:0,&quot;3&quot;:3},{&quot;1&quot;:1,&quot;2&quot;:0,&quot;4&quot;:1}]},&quot;12&quot;:0}\">Artes c\u00eanicas; Ilumina\u00e7\u00e3o c\u00eanica; Ilumina\u00e7\u00e3o teatral; Po\u00e9tica.<\/span><\/p><p>Resumo: <span data-sheets-value=\"{&quot;1&quot;:2,&quot;2&quot;:&quot;Esta pesquisa, desenvolvida no curso de Mestrado em Artes do PPGARTES\/UFPA, compreende o trajeto criativo da autora, artista-iluminadora-pesquisadora. A proposta trata da import\u00e2ncia da ilumina\u00e7\u00e3o c\u00eanica como linguagem e perpassa a inquieta\u00e7\u00e3o que parte de experi\u00eancias da autora como bailarina e desemboca em seu processo art\u00edstico como iluminadora, observadora e coparticipante da cena, fazendo um apanhado te\u00f3rico sobre a fun\u00e7\u00e3o expressiva, est\u00e9tica identificadas na ilumina\u00e7\u00e3o c\u00eanica e os atos performativos imbricados no fazer art\u00edstico do iluminador. Partindo de experimenta\u00e7\u00f5es da artista, aprofundando exerc\u00edcios vivenciados nas disciplinas do mestrado, a autora prop\u00f5e o esbo\u00e7o de um dispositivo metodol\u00f3gico, na significa\u00e7\u00e3o de uma po\u00e9tica como programa de arte, denominando assim como a Po\u00e9tica dos Elementos a partir da associa\u00e7\u00e3o dos elementos na natureza (\u00e1gua, terra, ar, fogo e \u00e9ter) com os aportes te\u00f3ricos que embasam o estudo, quais sejam: a visibilidade, de Calvino; pelo \u201cpensar por imagens\u201d com os arqu\u00e9tipos de elementos da natureza propostos por Bachelard e a ideologia de Trajeto Criativo, de S\u00f4nia Rangel. A disserta\u00e7\u00e3o apresenta como proposi\u00e7\u00e3o para a cria\u00e7\u00e3o em ilumina\u00e7\u00e3o c\u00eanica, a estrat\u00e9gia deste dispositivo metodol\u00f3gico, que est\u00e1 diretamente relacionada com a operacionaliza\u00e7\u00e3o do processo criativo, sendo apontadas a\u00ed as a\u00e7\u00f5es perform\u00e1ticas do fazer art\u00edstico, antes da performance do iluminador c\u00eanico.&quot;}\" data-sheets-userformat=\"{&quot;2&quot;:572,&quot;5&quot;:{&quot;1&quot;:[{&quot;1&quot;:2,&quot;2&quot;:0,&quot;5&quot;:[null,2,0]},{&quot;1&quot;:0,&quot;2&quot;:0,&quot;3&quot;:3},{&quot;1&quot;:1,&quot;2&quot;:0,&quot;4&quot;:1}]},&quot;6&quot;:{&quot;1&quot;:[{&quot;1&quot;:2,&quot;2&quot;:0,&quot;5&quot;:[null,2,0]},{&quot;1&quot;:0,&quot;2&quot;:0,&quot;3&quot;:3},{&quot;1&quot;:1,&quot;2&quot;:0,&quot;4&quot;:1}]},&quot;7&quot;:{&quot;1&quot;:[{&quot;1&quot;:2,&quot;2&quot;:0,&quot;5&quot;:[null,2,0]},{&quot;1&quot;:0,&quot;2&quot;:0,&quot;3&quot;:3},{&quot;1&quot;:1,&quot;2&quot;:0,&quot;4&quot;:1}]},&quot;8&quot;:{&quot;1&quot;:[{&quot;1&quot;:2,&quot;2&quot;:0,&quot;5&quot;:[null,2,0]},{&quot;1&quot;:0,&quot;2&quot;:0,&quot;3&quot;:3},{&quot;1&quot;:1,&quot;2&quot;:0,&quot;4&quot;:1}]},&quot;12&quot;:0}\">Esta pesquisa, desenvolvida no curso de Mestrado em Artes do PPGARTES\/UFPA, compreende o trajeto criativo da autora, artista-iluminadora-pesquisadora. A proposta trata da import\u00e2ncia da ilumina\u00e7\u00e3o c\u00eanica como linguagem e perpassa a inquieta\u00e7\u00e3o que parte de experi\u00eancias da autora como bailarina e desemboca em seu processo art\u00edstico como iluminadora, observadora e coparticipante da cena, fazendo um apanhado te\u00f3rico sobre a fun\u00e7\u00e3o expressiva, est\u00e9tica identificadas na ilumina\u00e7\u00e3o c\u00eanica e os atos performativos imbricados no fazer art\u00edstico do iluminador. Partindo de experimenta\u00e7\u00f5es da artista, aprofundando exerc\u00edcios vivenciados nas disciplinas do mestrado, a autora prop\u00f5e o esbo\u00e7o de um dispositivo metodol\u00f3gico, na significa\u00e7\u00e3o de uma po\u00e9tica como programa de arte, denominando assim como a Po\u00e9tica dos Elementos a partir da associa\u00e7\u00e3o dos elementos na natureza (\u00e1gua, terra, ar, fogo e \u00e9ter) com os aportes te\u00f3ricos que embasam o estudo, quais sejam: a visibilidade, de Calvino; pelo \u201cpensar por imagens\u201d com os arqu\u00e9tipos de elementos da natureza propostos por Bachelard e a ideologia de Trajeto Criativo, de S\u00f4nia Rangel. A disserta\u00e7\u00e3o apresenta como proposi\u00e7\u00e3o para a cria\u00e7\u00e3o em ilumina\u00e7\u00e3o c\u00eanica, a estrat\u00e9gia deste dispositivo metodol\u00f3gico, que est\u00e1 diretamente relacionada com a operacionaliza\u00e7\u00e3o do processo criativo, sendo apontadas a\u00ed as a\u00e7\u00f5es perform\u00e1ticas do fazer art\u00edstico, antes da performance do iluminador c\u00eanico.<\/span><\/p><p>Link: <a href=\"http:\/\/repositorio.ufpa.br\/jspui\/handle\/2011\/8659\">http:\/\/repositorio.ufpa.br\/jspui\/handle\/2011\/8659<\/a><\/p>\t\t\t\t\t\t\t\t<\/div>\n\t\t\t\t<\/div>\n\t\t\t\t\t<\/div>\n\t\t<\/div>\n\t\t\t\t\t<\/div>\n\t\t<\/section>\n\t\t\t\t<\/div>\n\t\t","protected":false},"excerpt":{"rendered":"<p>SILVA, Natasha Kerolen Leite da. Di\u00e1logos de luz: a artista-iluminadora-pesquisadora em busca da visibilidade po\u00e9tica da luz. Disserta\u00e7\u00e3o (Mestrado em Artes) &#8211; UFPA, 2016. Palavras-chave: Artes c\u00eanicas; Ilumina\u00e7\u00e3o c\u00eanica; Ilumina\u00e7\u00e3o teatral; Po\u00e9tica. Resumo: Esta pesquisa, desenvolvida no curso de Mestrado &hellip; <a href=\"https:\/\/utfpr.curitiba.br\/bibliotecadesigncenico\/?p=1175\">Continue lendo <span class=\"meta-nav\">&rarr;<\/span><\/a><\/p>\n","protected":false},"author":5,"featured_media":0,"comment_status":"closed","ping_status":"","sticky":false,"template":"","format":"standard","meta":{"footnotes":""},"categories":[5],"tags":[],"class_list":["post-1175","post","type-post","status-publish","format-standard","hentry","category-iluminacao"],"_links":{"self":[{"href":"https:\/\/utfpr.curitiba.br\/bibliotecadesigncenico\/index.php?rest_route=\/wp\/v2\/posts\/1175","targetHints":{"allow":["GET"]}}],"collection":[{"href":"https:\/\/utfpr.curitiba.br\/bibliotecadesigncenico\/index.php?rest_route=\/wp\/v2\/posts"}],"about":[{"href":"https:\/\/utfpr.curitiba.br\/bibliotecadesigncenico\/index.php?rest_route=\/wp\/v2\/types\/post"}],"author":[{"embeddable":true,"href":"https:\/\/utfpr.curitiba.br\/bibliotecadesigncenico\/index.php?rest_route=\/wp\/v2\/users\/5"}],"replies":[{"embeddable":true,"href":"https:\/\/utfpr.curitiba.br\/bibliotecadesigncenico\/index.php?rest_route=%2Fwp%2Fv2%2Fcomments&post=1175"}],"version-history":[{"count":7,"href":"https:\/\/utfpr.curitiba.br\/bibliotecadesigncenico\/index.php?rest_route=\/wp\/v2\/posts\/1175\/revisions"}],"predecessor-version":[{"id":1182,"href":"https:\/\/utfpr.curitiba.br\/bibliotecadesigncenico\/index.php?rest_route=\/wp\/v2\/posts\/1175\/revisions\/1182"}],"wp:attachment":[{"href":"https:\/\/utfpr.curitiba.br\/bibliotecadesigncenico\/index.php?rest_route=%2Fwp%2Fv2%2Fmedia&parent=1175"}],"wp:term":[{"taxonomy":"category","embeddable":true,"href":"https:\/\/utfpr.curitiba.br\/bibliotecadesigncenico\/index.php?rest_route=%2Fwp%2Fv2%2Fcategories&post=1175"},{"taxonomy":"post_tag","embeddable":true,"href":"https:\/\/utfpr.curitiba.br\/bibliotecadesigncenico\/index.php?rest_route=%2Fwp%2Fv2%2Ftags&post=1175"}],"curies":[{"name":"wp","href":"https:\/\/api.w.org\/{rel}","templated":true}]}}