{"id":1143,"date":"2021-06-14T09:00:00","date_gmt":"2021-06-14T12:00:00","guid":{"rendered":"https:\/\/bibliotecadesigncenico.ct.utfpr.edu.br\/?p=1143"},"modified":"2021-06-11T17:21:30","modified_gmt":"2021-06-11T20:21:30","slug":"guarda-roupa-encantado-espetacularidade-das-roupas-de-caboca-do-terreiro-estandarte-de-rei-sebastiao-outeiro-para","status":"publish","type":"post","link":"https:\/\/utfpr.curitiba.br\/bibliotecadesigncenico\/?p=1143","title":{"rendered":"Guarda-roupa encantado: espetacularidade das roupas de caboca do terreiro estandarte de Rei Sebasti\u00e3o, Outeiro &#8211; Par\u00e1"},"content":{"rendered":"\t\t<div data-elementor-type=\"wp-post\" data-elementor-id=\"1143\" class=\"elementor elementor-1143\">\n\t\t\t\t\t\t<section class=\"elementor-section elementor-top-section elementor-element elementor-element-8a0d54c elementor-section-boxed elementor-section-height-default elementor-section-height-default\" data-id=\"8a0d54c\" data-element_type=\"section\" data-e-type=\"section\">\n\t\t\t\t\t\t<div class=\"elementor-container elementor-column-gap-default\">\n\t\t\t\t\t<div class=\"elementor-column elementor-col-100 elementor-top-column elementor-element elementor-element-ae1ba6a\" data-id=\"ae1ba6a\" data-element_type=\"column\" data-e-type=\"column\">\n\t\t\t<div class=\"elementor-widget-wrap elementor-element-populated\">\n\t\t\t\t\t\t<div class=\"elementor-element elementor-element-1bf1063 elementor-widget elementor-widget-text-editor\" data-id=\"1bf1063\" data-element_type=\"widget\" data-e-type=\"widget\" data-widget_type=\"text-editor.default\">\n\t\t\t\t<div class=\"elementor-widget-container\">\n\t\t\t\t\t\t\t\t\t<p><span data-sheets-value=\"{\" data-sheets-userformat=\"{\">CASTRO, Ot\u00e1via Feio. <strong>Guarda-roupa encantado: espetacularidade das roupas de caboca do terreiro estandarte de Rei Sebasti\u00e3o, Outeiro &#8211; Par\u00e1<\/strong>. Disserta\u00e7\u00e3o (Mestrado em Artes) &#8211; UFPA, 2016.<\/span><\/p><p>Palavras-chave: <span data-sheets-value=\"{&quot;1&quot;:2,&quot;2&quot;:&quot;Umbanda; Culto afro-brasileiro; Trajes; Etnologia; Sincretismo (Religi\u00e3o); Religi\u00e3o e cultura; Etnocenologia; Espetacularidade; Terreiro Estandarte de Rei Sebasti\u00e3o (Outeiro - PA).&quot;}\" data-sheets-userformat=\"{&quot;2&quot;:573,&quot;3&quot;:{&quot;1&quot;:0},&quot;5&quot;:{&quot;1&quot;:[{&quot;1&quot;:2,&quot;2&quot;:0,&quot;5&quot;:[null,2,0]},{&quot;1&quot;:0,&quot;2&quot;:0,&quot;3&quot;:3},{&quot;1&quot;:1,&quot;2&quot;:0,&quot;4&quot;:1}]},&quot;6&quot;:{&quot;1&quot;:[{&quot;1&quot;:2,&quot;2&quot;:0,&quot;5&quot;:[null,2,0]},{&quot;1&quot;:0,&quot;2&quot;:0,&quot;3&quot;:3},{&quot;1&quot;:1,&quot;2&quot;:0,&quot;4&quot;:1}]},&quot;7&quot;:{&quot;1&quot;:[{&quot;1&quot;:2,&quot;2&quot;:0,&quot;5&quot;:[null,2,0]},{&quot;1&quot;:0,&quot;2&quot;:0,&quot;3&quot;:3},{&quot;1&quot;:1,&quot;2&quot;:0,&quot;4&quot;:1}]},&quot;8&quot;:{&quot;1&quot;:[{&quot;1&quot;:2,&quot;2&quot;:0,&quot;5&quot;:[null,2,0]},{&quot;1&quot;:0,&quot;2&quot;:0,&quot;3&quot;:3},{&quot;1&quot;:1,&quot;2&quot;:0,&quot;4&quot;:1}]},&quot;12&quot;:0}\">Umbanda; Culto afro-brasileiro; Trajes; Etnologia; Sincretismo (Religi\u00e3o); Religi\u00e3o e cultura; Etnocenologia; Espetacularidade; Terreiro Estandarte de Rei Sebasti\u00e3o (Outeiro &#8211; PA).<\/span><\/p><p>Resumo: <span data-sheets-value=\"{&quot;1&quot;:2,&quot;2&quot;:&quot;Fundamentada na Etnocenologia em sua perspectiva transdisciplinar, esta pesquisa buscou compreender a espetacularidade das roupas utilizadas por Mariinha de Jesus Costa Feio, m\u00e3e-de-santo e zeladora do Terreiro Estandarte de Rei Sebasti\u00e3o, localizado na Ilha de Outeiro, no Par\u00e1. As roupas s\u00e3o vestidas em dias que se festeja as entidades cabocas do Tambor de Mina, Herondina e Maria L\u00e9gua \u2013 chefa e contra-chefa da m\u00e3e-de-santo respectivamente \u2013 e que pertencem a uma categoria de encantados do pante\u00e3o mineiro \u2013 conforme Luca (2010), os encantados s\u00e3o descritos como os que n\u00e3o passaram pela experi\u00eancia da morte e fizeram morada em encantarias: matas, rios, entre outros ambientes. Para compreens\u00e3o dessas roupas e viv\u00eancia plena junto ao fen\u00f4meno pesquisado, valeu-se dos pressupostos da pesquisa etnogr\u00e1fica de Geertz (2014); o per\u00edodo de viv\u00eancia no terreiro compreendeu de junho de 2015 a maio de 2016, no qual se vivenciou duas festas: da caboca Herondina em agosto e da caboca Maria L\u00e9gua em dezembro. Esta pesquisa visa contribuir para os estudos etnocenol\u00f3gicos na Amaz\u00f4nia, tendo em vista a for\u00e7a e a tradi\u00e7\u00e3o do Tambor de Mina no Par\u00e1. Destaca-se tamb\u00e9m a import\u00e2ncia para os que trabalham com roupas em um contexto geral e mais especificamente aos figurinistas, pois durante as reflex\u00f5es e escrita desta disserta\u00e7\u00e3o, assumi a proposi\u00e7\u00e3o autoral da Figurinista-Etnocenol\u00f3gica, que necessita exercitar constantemente o olhar ontol\u00f3gico \u2013 no sentido elaborado por Paes Loureiro (2008). Exerc\u00edcio este que ajudou a compreender o car\u00e1ter espetacular dessas roupas, que para sua feitura atendem especificidades previamente organizadas, sobressaindo o que a m\u00e3e-de-santo deste lugar diz sobre as suas cabocas e os mitos relacionados a Dona Herondina e Dona Maria L\u00e9gua.&quot;}\" data-sheets-userformat=\"{&quot;2&quot;:572,&quot;5&quot;:{&quot;1&quot;:[{&quot;1&quot;:2,&quot;2&quot;:0,&quot;5&quot;:[null,2,0]},{&quot;1&quot;:0,&quot;2&quot;:0,&quot;3&quot;:3},{&quot;1&quot;:1,&quot;2&quot;:0,&quot;4&quot;:1}]},&quot;6&quot;:{&quot;1&quot;:[{&quot;1&quot;:2,&quot;2&quot;:0,&quot;5&quot;:[null,2,0]},{&quot;1&quot;:0,&quot;2&quot;:0,&quot;3&quot;:3},{&quot;1&quot;:1,&quot;2&quot;:0,&quot;4&quot;:1}]},&quot;7&quot;:{&quot;1&quot;:[{&quot;1&quot;:2,&quot;2&quot;:0,&quot;5&quot;:[null,2,0]},{&quot;1&quot;:0,&quot;2&quot;:0,&quot;3&quot;:3},{&quot;1&quot;:1,&quot;2&quot;:0,&quot;4&quot;:1}]},&quot;8&quot;:{&quot;1&quot;:[{&quot;1&quot;:2,&quot;2&quot;:0,&quot;5&quot;:[null,2,0]},{&quot;1&quot;:0,&quot;2&quot;:0,&quot;3&quot;:3},{&quot;1&quot;:1,&quot;2&quot;:0,&quot;4&quot;:1}]},&quot;12&quot;:0}\">Fundamentada na Etnocenologia em sua perspectiva transdisciplinar, esta pesquisa buscou compreender a espetacularidade das roupas utilizadas por Mariinha de Jesus Costa Feio, m\u00e3e-de-santo e zeladora do Terreiro Estandarte de Rei Sebasti\u00e3o, localizado na Ilha de Outeiro, no Par\u00e1. As roupas s\u00e3o vestidas em dias que se festeja as entidades cabocas do Tambor de Mina, Herondina e Maria L\u00e9gua \u2013 chefa e contra-chefa da m\u00e3e-de-santo respectivamente \u2013 e que pertencem a uma categoria de encantados do pante\u00e3o mineiro \u2013 conforme Luca (2010), os encantados s\u00e3o descritos como os que n\u00e3o passaram pela experi\u00eancia da morte e fizeram morada em encantarias: matas, rios, entre outros ambientes. Para compreens\u00e3o dessas roupas e viv\u00eancia plena junto ao fen\u00f4meno pesquisado, valeu-se dos pressupostos da pesquisa etnogr\u00e1fica de Geertz (2014); o per\u00edodo de viv\u00eancia no terreiro compreendeu de junho de 2015 a maio de 2016, no qual se vivenciou duas festas: da caboca Herondina em agosto e da caboca Maria L\u00e9gua em dezembro. Esta pesquisa visa contribuir para os estudos etnocenol\u00f3gicos na Amaz\u00f4nia, tendo em vista a for\u00e7a e a tradi\u00e7\u00e3o do Tambor de Mina no Par\u00e1. Destaca-se tamb\u00e9m a import\u00e2ncia para os que trabalham com roupas em um contexto geral e mais especificamente aos figurinistas, pois durante as reflex\u00f5es e escrita desta disserta\u00e7\u00e3o, assumi a proposi\u00e7\u00e3o autoral da Figurinista-Etnocenol\u00f3gica, que necessita exercitar constantemente o olhar ontol\u00f3gico \u2013 no sentido elaborado por Paes Loureiro (2008). Exerc\u00edcio este que ajudou a compreender o car\u00e1ter espetacular dessas roupas, que para sua feitura atendem especificidades previamente organizadas, sobressaindo o que a m\u00e3e-de-santo deste lugar diz sobre as suas cabocas e os mitos relacionados a Dona Herondina e Dona Maria L\u00e9gua.<\/span><\/p><p>Link:<a href=\"http:\/\/repositorio.ufpa.br\/jspui\/handle\/2011\/8662\"> http:\/\/repositorio.ufpa.br\/jspui\/handle\/2011\/8662<\/a><\/p>\t\t\t\t\t\t\t\t<\/div>\n\t\t\t\t<\/div>\n\t\t\t\t\t<\/div>\n\t\t<\/div>\n\t\t\t\t\t<\/div>\n\t\t<\/section>\n\t\t\t\t<\/div>\n\t\t","protected":false},"excerpt":{"rendered":"<p>CASTRO, Ot\u00e1via Feio. Guarda-roupa encantado: espetacularidade das roupas de caboca do terreiro estandarte de Rei Sebasti\u00e3o, Outeiro &#8211; Par\u00e1. Disserta\u00e7\u00e3o (Mestrado em Artes) &#8211; UFPA, 2016. Palavras-chave: Umbanda; Culto afro-brasileiro; Trajes; Etnologia; Sincretismo (Religi\u00e3o); Religi\u00e3o e cultura; Etnocenologia; Espetacularidade; Terreiro &hellip; <a href=\"https:\/\/utfpr.curitiba.br\/bibliotecadesigncenico\/?p=1143\">Continue lendo <span class=\"meta-nav\">&rarr;<\/span><\/a><\/p>\n","protected":false},"author":5,"featured_media":0,"comment_status":"closed","ping_status":"","sticky":false,"template":"","format":"standard","meta":{"footnotes":""},"categories":[4],"tags":[],"class_list":["post-1143","post","type-post","status-publish","format-standard","hentry","category-figurino"],"_links":{"self":[{"href":"https:\/\/utfpr.curitiba.br\/bibliotecadesigncenico\/index.php?rest_route=\/wp\/v2\/posts\/1143","targetHints":{"allow":["GET"]}}],"collection":[{"href":"https:\/\/utfpr.curitiba.br\/bibliotecadesigncenico\/index.php?rest_route=\/wp\/v2\/posts"}],"about":[{"href":"https:\/\/utfpr.curitiba.br\/bibliotecadesigncenico\/index.php?rest_route=\/wp\/v2\/types\/post"}],"author":[{"embeddable":true,"href":"https:\/\/utfpr.curitiba.br\/bibliotecadesigncenico\/index.php?rest_route=\/wp\/v2\/users\/5"}],"replies":[{"embeddable":true,"href":"https:\/\/utfpr.curitiba.br\/bibliotecadesigncenico\/index.php?rest_route=%2Fwp%2Fv2%2Fcomments&post=1143"}],"version-history":[{"count":4,"href":"https:\/\/utfpr.curitiba.br\/bibliotecadesigncenico\/index.php?rest_route=\/wp\/v2\/posts\/1143\/revisions"}],"predecessor-version":[{"id":1147,"href":"https:\/\/utfpr.curitiba.br\/bibliotecadesigncenico\/index.php?rest_route=\/wp\/v2\/posts\/1143\/revisions\/1147"}],"wp:attachment":[{"href":"https:\/\/utfpr.curitiba.br\/bibliotecadesigncenico\/index.php?rest_route=%2Fwp%2Fv2%2Fmedia&parent=1143"}],"wp:term":[{"taxonomy":"category","embeddable":true,"href":"https:\/\/utfpr.curitiba.br\/bibliotecadesigncenico\/index.php?rest_route=%2Fwp%2Fv2%2Fcategories&post=1143"},{"taxonomy":"post_tag","embeddable":true,"href":"https:\/\/utfpr.curitiba.br\/bibliotecadesigncenico\/index.php?rest_route=%2Fwp%2Fv2%2Ftags&post=1143"}],"curies":[{"name":"wp","href":"https:\/\/api.w.org\/{rel}","templated":true}]}}