{"id":1136,"date":"2021-06-14T09:00:00","date_gmt":"2021-06-14T12:00:00","guid":{"rendered":"https:\/\/bibliotecadesigncenico.ct.utfpr.edu.br\/?p=1136"},"modified":"2021-06-11T17:17:18","modified_gmt":"2021-06-11T20:17:18","slug":"tres-vestidos-fazem-pra-se-apresentar-um-estudo-sobre-o-vestir-no-espetaculo-o-auto-do-cirio","status":"publish","type":"post","link":"https:\/\/utfpr.curitiba.br\/bibliotecadesigncenico\/?p=1136","title":{"rendered":"Tr\u00eas vestidos fazem pra se apresentar: um estudo sobre o vestir no espet\u00e1culo O Auto do C\u00edrio"},"content":{"rendered":"\t\t<div data-elementor-type=\"wp-post\" data-elementor-id=\"1136\" class=\"elementor elementor-1136\">\n\t\t\t\t\t\t<section class=\"elementor-section elementor-top-section elementor-element elementor-element-d197359 elementor-section-boxed elementor-section-height-default elementor-section-height-default\" data-id=\"d197359\" data-element_type=\"section\" data-e-type=\"section\">\n\t\t\t\t\t\t<div class=\"elementor-container elementor-column-gap-default\">\n\t\t\t\t\t<div class=\"elementor-column elementor-col-100 elementor-top-column elementor-element elementor-element-9c85ea3\" data-id=\"9c85ea3\" data-element_type=\"column\" data-e-type=\"column\">\n\t\t\t<div class=\"elementor-widget-wrap elementor-element-populated\">\n\t\t\t\t\t\t<div class=\"elementor-element elementor-element-1f1249d elementor-widget elementor-widget-text-editor\" data-id=\"1f1249d\" data-element_type=\"widget\" data-e-type=\"widget\" data-widget_type=\"text-editor.default\">\n\t\t\t\t<div class=\"elementor-widget-container\">\n\t\t\t\t\t\t\t\t\t<p><span data-sheets-value=\"{&quot;1&quot;:2,&quot;2&quot;:&quot;MOREIRA, Francisco Edilberto Barbosa. Tr\u00eas vestidos fazem pra se apresentar: um estudo sobre o vestir no espet\u00e1culo O Auto do C\u00edrio. 2012. 116 f. Disserta\u00e7\u00e3o (Mestrado) - Universidade Federal do Par\u00e1, Instituto de Ci\u00eancias da Arte, Bel\u00e9m, 2012. Programa de P\u00f3s-Gradua\u00e7\u00e3o em Artes.&quot;}\" data-sheets-userformat=\"{&quot;2&quot;:7073,&quot;3&quot;:{&quot;1&quot;:0},&quot;8&quot;:{&quot;1&quot;:[{&quot;1&quot;:2,&quot;2&quot;:0,&quot;5&quot;:{&quot;1&quot;:0}},{&quot;1&quot;:0,&quot;2&quot;:0,&quot;3&quot;:3},{&quot;1&quot;:1,&quot;2&quot;:0,&quot;4&quot;:1}]},&quot;10&quot;:2,&quot;11&quot;:0,&quot;12&quot;:0,&quot;14&quot;:[null,2,2575891],&quot;15&quot;:&quot;Arial&quot;}\">MOREIRA, Francisco Edilberto Barbosa. <strong>Tr\u00eas vestidos fazem pra se apresentar: um estudo sobre o vestir no espet\u00e1culo O Auto do C\u00edrio<\/strong>. Disserta\u00e7\u00e3o (Mestrado em Artes) &#8211; UFPA, 2012.\u00a0<\/span><\/p><p>Palavras-chave: <span data-sheets-value=\"{&quot;1&quot;:2,&quot;2&quot;:&quot;Arte; Teatro de rua; Cenografia; Figurino; Fantasia; Auto do C\u00edrio; Bel\u00e9m - PA; Par\u00e1 - Estado.&quot;}\" data-sheets-userformat=\"{&quot;2&quot;:573,&quot;3&quot;:{&quot;1&quot;:0},&quot;5&quot;:{&quot;1&quot;:[{&quot;1&quot;:2,&quot;2&quot;:0,&quot;5&quot;:[null,2,0]},{&quot;1&quot;:0,&quot;2&quot;:0,&quot;3&quot;:3},{&quot;1&quot;:1,&quot;2&quot;:0,&quot;4&quot;:1}]},&quot;6&quot;:{&quot;1&quot;:[{&quot;1&quot;:2,&quot;2&quot;:0,&quot;5&quot;:[null,2,0]},{&quot;1&quot;:0,&quot;2&quot;:0,&quot;3&quot;:3},{&quot;1&quot;:1,&quot;2&quot;:0,&quot;4&quot;:1}]},&quot;7&quot;:{&quot;1&quot;:[{&quot;1&quot;:2,&quot;2&quot;:0,&quot;5&quot;:[null,2,0]},{&quot;1&quot;:0,&quot;2&quot;:0,&quot;3&quot;:3},{&quot;1&quot;:1,&quot;2&quot;:0,&quot;4&quot;:1}]},&quot;8&quot;:{&quot;1&quot;:[{&quot;1&quot;:2,&quot;2&quot;:0,&quot;5&quot;:[null,2,0]},{&quot;1&quot;:0,&quot;2&quot;:0,&quot;3&quot;:3},{&quot;1&quot;:1,&quot;2&quot;:0,&quot;4&quot;:1}]},&quot;12&quot;:0}\">Arte; Teatro de rua; Cenografia; Figurino; Fantasia; Auto do C\u00edrio; Bel\u00e9m &#8211; PA; Par\u00e1 &#8211; Estado.<\/span><\/p><p>Resumo: <span data-sheets-value=\"{&quot;1&quot;:2,&quot;2&quot;:&quot;Tr\u00eas Vestidos Fazem para se apresentar: um estudo sobre o vestir no espet\u00e1culo O Auto do C\u00edrio, \u00e9 apresentado em tr\u00eas sess\u00f5es, intituladas vestidos. No Primeiro Vestido: a po\u00e9tica na rua dos primeiros Autos do C\u00edrio, o ator \u00e9 o criador do seu vestir. No Segundo Vestido: roupa, figurino e fantasia, \u00e9 feita uma apresenta\u00e7\u00e3o desses conceitos principais, bem como do processo criativo realizado com a colabora\u00e7\u00e3o de carnavalescos. O Terceiro Vestido: o figurino-fantasia do Auto do C\u00edrio, discorre sobre os processos criativos analisados, seja enquanto ator, figurinista ou carnavalesco que concebe e cria os figurinos para o espet\u00e1culo. A partir dessas an\u00e1lises, proponho um novo conceito desse vestir, que denomino de figurino-fantasia.&quot;}\" data-sheets-userformat=\"{&quot;2&quot;:572,&quot;5&quot;:{&quot;1&quot;:[{&quot;1&quot;:2,&quot;2&quot;:0,&quot;5&quot;:[null,2,0]},{&quot;1&quot;:0,&quot;2&quot;:0,&quot;3&quot;:3},{&quot;1&quot;:1,&quot;2&quot;:0,&quot;4&quot;:1}]},&quot;6&quot;:{&quot;1&quot;:[{&quot;1&quot;:2,&quot;2&quot;:0,&quot;5&quot;:[null,2,0]},{&quot;1&quot;:0,&quot;2&quot;:0,&quot;3&quot;:3},{&quot;1&quot;:1,&quot;2&quot;:0,&quot;4&quot;:1}]},&quot;7&quot;:{&quot;1&quot;:[{&quot;1&quot;:2,&quot;2&quot;:0,&quot;5&quot;:[null,2,0]},{&quot;1&quot;:0,&quot;2&quot;:0,&quot;3&quot;:3},{&quot;1&quot;:1,&quot;2&quot;:0,&quot;4&quot;:1}]},&quot;8&quot;:{&quot;1&quot;:[{&quot;1&quot;:2,&quot;2&quot;:0,&quot;5&quot;:[null,2,0]},{&quot;1&quot;:0,&quot;2&quot;:0,&quot;3&quot;:3},{&quot;1&quot;:1,&quot;2&quot;:0,&quot;4&quot;:1}]},&quot;12&quot;:0}\">Tr\u00eas Vestidos Fazem para se apresentar: um estudo sobre o vestir no espet\u00e1culo O Auto do C\u00edrio, \u00e9 apresentado em tr\u00eas sess\u00f5es, intituladas vestidos. No Primeiro Vestido: a po\u00e9tica na rua dos primeiros Autos do C\u00edrio, o ator \u00e9 o criador do seu vestir. No Segundo Vestido: roupa, figurino e fantasia, \u00e9 feita uma apresenta\u00e7\u00e3o desses conceitos principais, bem como do processo criativo realizado com a colabora\u00e7\u00e3o de carnavalescos. O Terceiro Vestido: o figurino-fantasia do Auto do C\u00edrio, discorre sobre os processos criativos analisados, seja enquanto ator, figurinista ou carnavalesco que concebe e cria os figurinos para o espet\u00e1culo. A partir dessas an\u00e1lises, proponho um novo conceito desse vestir, que denomino de figurino-fantasia.<\/span><\/p><p>Link: <a href=\"http:\/\/repositorio.ufpa.br\/jspui\/handle\/2011\/7620\">http:\/\/repositorio.ufpa.br\/jspui\/handle\/2011\/7620<\/a><\/p>\t\t\t\t\t\t\t\t<\/div>\n\t\t\t\t<\/div>\n\t\t\t\t\t<\/div>\n\t\t<\/div>\n\t\t\t\t\t<\/div>\n\t\t<\/section>\n\t\t\t\t<\/div>\n\t\t","protected":false},"excerpt":{"rendered":"<p>MOREIRA, Francisco Edilberto Barbosa. Tr\u00eas vestidos fazem pra se apresentar: um estudo sobre o vestir no espet\u00e1culo O Auto do C\u00edrio. Disserta\u00e7\u00e3o (Mestrado em Artes) &#8211; UFPA, 2012.\u00a0 Palavras-chave: Arte; Teatro de rua; Cenografia; Figurino; Fantasia; Auto do C\u00edrio; Bel\u00e9m &hellip; <a href=\"https:\/\/utfpr.curitiba.br\/bibliotecadesigncenico\/?p=1136\">Continue lendo <span class=\"meta-nav\">&rarr;<\/span><\/a><\/p>\n","protected":false},"author":5,"featured_media":0,"comment_status":"closed","ping_status":"","sticky":false,"template":"","format":"standard","meta":{"footnotes":""},"categories":[3],"tags":[],"class_list":["post-1136","post","type-post","status-publish","format-standard","hentry","category-cenografia"],"_links":{"self":[{"href":"https:\/\/utfpr.curitiba.br\/bibliotecadesigncenico\/index.php?rest_route=\/wp\/v2\/posts\/1136","targetHints":{"allow":["GET"]}}],"collection":[{"href":"https:\/\/utfpr.curitiba.br\/bibliotecadesigncenico\/index.php?rest_route=\/wp\/v2\/posts"}],"about":[{"href":"https:\/\/utfpr.curitiba.br\/bibliotecadesigncenico\/index.php?rest_route=\/wp\/v2\/types\/post"}],"author":[{"embeddable":true,"href":"https:\/\/utfpr.curitiba.br\/bibliotecadesigncenico\/index.php?rest_route=\/wp\/v2\/users\/5"}],"replies":[{"embeddable":true,"href":"https:\/\/utfpr.curitiba.br\/bibliotecadesigncenico\/index.php?rest_route=%2Fwp%2Fv2%2Fcomments&post=1136"}],"version-history":[{"count":4,"href":"https:\/\/utfpr.curitiba.br\/bibliotecadesigncenico\/index.php?rest_route=\/wp\/v2\/posts\/1136\/revisions"}],"predecessor-version":[{"id":1140,"href":"https:\/\/utfpr.curitiba.br\/bibliotecadesigncenico\/index.php?rest_route=\/wp\/v2\/posts\/1136\/revisions\/1140"}],"wp:attachment":[{"href":"https:\/\/utfpr.curitiba.br\/bibliotecadesigncenico\/index.php?rest_route=%2Fwp%2Fv2%2Fmedia&parent=1136"}],"wp:term":[{"taxonomy":"category","embeddable":true,"href":"https:\/\/utfpr.curitiba.br\/bibliotecadesigncenico\/index.php?rest_route=%2Fwp%2Fv2%2Fcategories&post=1136"},{"taxonomy":"post_tag","embeddable":true,"href":"https:\/\/utfpr.curitiba.br\/bibliotecadesigncenico\/index.php?rest_route=%2Fwp%2Fv2%2Ftags&post=1136"}],"curies":[{"name":"wp","href":"https:\/\/api.w.org\/{rel}","templated":true}]}}