{"id":1106,"date":"2021-06-11T15:05:52","date_gmt":"2021-06-11T18:05:52","guid":{"rendered":"https:\/\/bibliotecadesigncenico.ct.utfpr.edu.br\/?p=1106"},"modified":"2021-06-11T15:07:56","modified_gmt":"2021-06-11T18:07:56","slug":"mascaramento-atuacao-e-confeccao-em-processo-de-criacao-integrado","status":"publish","type":"post","link":"https:\/\/utfpr.curitiba.br\/bibliotecadesigncenico\/?p=1106","title":{"rendered":"Mascaramento: atua\u00e7\u00e3o e confec\u00e7\u00e3o em processo de cria\u00e7\u00e3o integrado"},"content":{"rendered":"\t\t<div data-elementor-type=\"wp-post\" data-elementor-id=\"1106\" class=\"elementor elementor-1106\">\n\t\t\t\t\t\t<section class=\"elementor-section elementor-top-section elementor-element elementor-element-4b915fd elementor-section-boxed elementor-section-height-default elementor-section-height-default\" data-id=\"4b915fd\" data-element_type=\"section\" data-e-type=\"section\">\n\t\t\t\t\t\t<div class=\"elementor-container elementor-column-gap-default\">\n\t\t\t\t\t<div class=\"elementor-column elementor-col-100 elementor-top-column elementor-element elementor-element-0b9c5ec\" data-id=\"0b9c5ec\" data-element_type=\"column\" data-e-type=\"column\">\n\t\t\t<div class=\"elementor-widget-wrap elementor-element-populated\">\n\t\t\t\t\t\t<div class=\"elementor-element elementor-element-80a0858 elementor-widget elementor-widget-text-editor\" data-id=\"80a0858\" data-element_type=\"widget\" data-e-type=\"widget\" data-widget_type=\"text-editor.default\">\n\t\t\t\t<div class=\"elementor-widget-container\">\n\t\t\t\t\t\t\t\t\t<p>SILVE, Andr\u00e9 Marcelino da.\u00a0<strong>Mascaramento: atua\u00e7\u00e3o e confec\u00e7\u00e3o em processo de cria\u00e7\u00e3o integrado.\u00a0<\/strong>Disserta\u00e7\u00e3o (Mestrado em Artes C\u00eanicas) &#8211; Universidade Federal do Rio Grande do Norte, 2019.<\/p><p>Palavras-chave: Pedagogia das m\u00e1scaras; Confec\u00e7\u00e3o de m\u00e1scaras; Atua\u00e7\u00e3o com m\u00e1scaras.<\/p><p>Resumo: A presente pesquisa investiga em que medida a confec\u00e7\u00e3o de m\u00e1scaras teatrais expressivas podem contribuir, positiva ou negativamente, no trabalho de cria\u00e7\u00e3o do ator, tendo em vista que foram elaboradas a partir de suas propostas de constru\u00e7\u00e3o corp\u00f3rea enquanto uma materializa\u00e7\u00e3o de &#8220;personagens-tipo&#8221;. A pesquisa busca, tamb\u00e9m, refletir sobre o desenvolvimento de um processo de retroalimenta\u00e7\u00e3o para que ambas as esferas de cria\u00e7\u00e3o, tanto a do ator como a do mascareiro, possam se potencializar mutuamente. Desse modo o eixo principal da investiga\u00e7\u00e3o est\u00e1 na an\u00e1lise do objeto m\u00e1scara enquanto est\u00edmulo e potencializador do trabalho do ator.<\/p><p>Link:\u00a0<a href=\"https:\/\/repositorio.ufrn.br\/handle\/123456789\/27819\">https:\/\/repositorio.ufrn.br\/handle\/123456789\/27819<\/a><\/p>\t\t\t\t\t\t\t\t<\/div>\n\t\t\t\t<\/div>\n\t\t\t\t<div class=\"elementor-element elementor-element-e4d7cad elementor--star-style-star_fontawesome elementor-widget elementor-widget-star-rating\" data-id=\"e4d7cad\" data-element_type=\"widget\" data-e-type=\"widget\" data-widget_type=\"star-rating.default\">\n\t\t\t\t<div class=\"elementor-widget-container\">\n\t\t\t\t\t\t\t<div class=\"elementor-star-rating__wrapper\">\n\t\t\t\t\t\t<div class=\"elementor-star-rating\" itemtype=\"http:\/\/schema.org\/Rating\" itemscope=\"\" itemprop=\"reviewRating\">\n\t\t\t\t<i class=\"elementor-star-full\" aria-hidden=\"true\">&#xE934;<\/i><i class=\"elementor-star-full\" aria-hidden=\"true\">&#xE934;<\/i><i class=\"elementor-star-full\" aria-hidden=\"true\">&#xE934;<\/i><i class=\"elementor-star-full\" aria-hidden=\"true\">&#xE934;<\/i><i class=\"elementor-star-full\" aria-hidden=\"true\">&#xE934;<\/i>\t\t\t\t<span itemprop=\"ratingValue\" class=\"elementor-screen-only\">Rated 5 out of 5<\/span>\n\t\t\t<\/div>\n\t\t<\/div>\n\t\t\t\t\t\t<\/div>\n\t\t\t\t<\/div>\n\t\t\t\t\t<\/div>\n\t\t<\/div>\n\t\t\t\t\t<\/div>\n\t\t<\/section>\n\t\t\t\t<\/div>\n\t\t","protected":false},"excerpt":{"rendered":"<p>SILVE, Andr\u00e9 Marcelino da.\u00a0Mascaramento: atua\u00e7\u00e3o e confec\u00e7\u00e3o em processo de cria\u00e7\u00e3o integrado.\u00a0Disserta\u00e7\u00e3o (Mestrado em Artes C\u00eanicas) &#8211; Universidade Federal do Rio Grande do Norte, 2019. Palavras-chave: Pedagogia das m\u00e1scaras; Confec\u00e7\u00e3o de m\u00e1scaras; Atua\u00e7\u00e3o com m\u00e1scaras. Resumo: A presente pesquisa investiga &hellip; <a href=\"https:\/\/utfpr.curitiba.br\/bibliotecadesigncenico\/?p=1106\">Continue lendo <span class=\"meta-nav\">&rarr;<\/span><\/a><\/p>\n","protected":false},"author":4,"featured_media":0,"comment_status":"closed","ping_status":"","sticky":false,"template":"","format":"standard","meta":{"footnotes":""},"categories":[9],"tags":[347,346,345],"class_list":["post-1106","post","type-post","status-publish","format-standard","hentry","category-teatro-de-formas-animadas","tag-atuacao-com-mascaras","tag-confeccao-de-mascaras","tag-pedagogia-das-mascaras"],"_links":{"self":[{"href":"https:\/\/utfpr.curitiba.br\/bibliotecadesigncenico\/index.php?rest_route=\/wp\/v2\/posts\/1106","targetHints":{"allow":["GET"]}}],"collection":[{"href":"https:\/\/utfpr.curitiba.br\/bibliotecadesigncenico\/index.php?rest_route=\/wp\/v2\/posts"}],"about":[{"href":"https:\/\/utfpr.curitiba.br\/bibliotecadesigncenico\/index.php?rest_route=\/wp\/v2\/types\/post"}],"author":[{"embeddable":true,"href":"https:\/\/utfpr.curitiba.br\/bibliotecadesigncenico\/index.php?rest_route=\/wp\/v2\/users\/4"}],"replies":[{"embeddable":true,"href":"https:\/\/utfpr.curitiba.br\/bibliotecadesigncenico\/index.php?rest_route=%2Fwp%2Fv2%2Fcomments&post=1106"}],"version-history":[{"count":4,"href":"https:\/\/utfpr.curitiba.br\/bibliotecadesigncenico\/index.php?rest_route=\/wp\/v2\/posts\/1106\/revisions"}],"predecessor-version":[{"id":1110,"href":"https:\/\/utfpr.curitiba.br\/bibliotecadesigncenico\/index.php?rest_route=\/wp\/v2\/posts\/1106\/revisions\/1110"}],"wp:attachment":[{"href":"https:\/\/utfpr.curitiba.br\/bibliotecadesigncenico\/index.php?rest_route=%2Fwp%2Fv2%2Fmedia&parent=1106"}],"wp:term":[{"taxonomy":"category","embeddable":true,"href":"https:\/\/utfpr.curitiba.br\/bibliotecadesigncenico\/index.php?rest_route=%2Fwp%2Fv2%2Fcategories&post=1106"},{"taxonomy":"post_tag","embeddable":true,"href":"https:\/\/utfpr.curitiba.br\/bibliotecadesigncenico\/index.php?rest_route=%2Fwp%2Fv2%2Ftags&post=1106"}],"curies":[{"name":"wp","href":"https:\/\/api.w.org\/{rel}","templated":true}]}}