{"id":1101,"date":"2021-06-11T15:03:11","date_gmt":"2021-06-11T18:03:11","guid":{"rendered":"https:\/\/bibliotecadesigncenico.ct.utfpr.edu.br\/?p=1101"},"modified":"2021-06-11T15:05:01","modified_gmt":"2021-06-11T18:05:01","slug":"do-palco-ao-picadeiro-circo-e-palhacaria-tradicional-no-trabalho-da-cia-2-em-cena","status":"publish","type":"post","link":"https:\/\/utfpr.curitiba.br\/bibliotecadesigncenico\/?p=1101","title":{"rendered":"Do palco ao picadeiro: circo e palha\u00e7aria tradicional no trabalho da Cia. 2 em Cena"},"content":{"rendered":"\t\t<div data-elementor-type=\"wp-post\" data-elementor-id=\"1101\" class=\"elementor elementor-1101\">\n\t\t\t\t\t\t<section class=\"elementor-section elementor-top-section elementor-element elementor-element-965ed5b elementor-section-boxed elementor-section-height-default elementor-section-height-default\" data-id=\"965ed5b\" data-element_type=\"section\" data-e-type=\"section\">\n\t\t\t\t\t\t<div class=\"elementor-container elementor-column-gap-default\">\n\t\t\t\t\t<div class=\"elementor-column elementor-col-100 elementor-top-column elementor-element elementor-element-1280356\" data-id=\"1280356\" data-element_type=\"column\" data-e-type=\"column\">\n\t\t\t<div class=\"elementor-widget-wrap elementor-element-populated\">\n\t\t\t\t\t\t<div class=\"elementor-element elementor-element-70f9b7e elementor-widget elementor-widget-text-editor\" data-id=\"70f9b7e\" data-element_type=\"widget\" data-e-type=\"widget\" data-widget_type=\"text-editor.default\">\n\t\t\t\t<div class=\"elementor-widget-container\">\n\t\t\t\t\t\t\t\t\t<p>SILVA, Francisco Alexsandro da.\u00a0<strong>Do palco ao picadeiro: circo e palha\u00e7aria tradicional no trabalho da Cia. 2 em Cena.\u00a0<\/strong>Disserta\u00e7\u00e3o (Mestrado em Artes C\u00eanicas) &#8211; Universidade Federal do Rio Grande do Norte, 2020.<\/p><p>Palavras-chave: Circo brasileiro; Palha\u00e7aria; Comicidade feminina; Cia.2 em cena.<\/p><p>Resumo: O presente trabalho investiga o processo de apropria\u00e7\u00e3o da arte do Palha\u00e7o Tradicional Circense realizado pela Cia. 2 em Cena no per\u00edodo de 2007 a 2017, tomando como objeto de estudo tr\u00eas espet\u00e1culos do referido coletivo. Atrav\u00e9s de um Estudo de Caso, s\u00e3o analisados os elementos palhacescos\/clownescos presentes nos espet\u00e1culos: Palha\u00e7adas \u2013 Hist\u00f3ria de um circo sem lona, Reprilhadas e Entralhofas \u2013 Um concerto para acabar com a tristeza e Do Vestido ao Nariz. Entre os elementos analisados encontram-se: a explora\u00e7\u00e3o do antagonismo da dupla c\u00f4mica tradicional, a apropria\u00e7\u00e3o da dramaturgia circense cl\u00e1ssica, a musicalidade circense e o papel da mulher Palha\u00e7a no circo contempor\u00e2neo. A Cia. 2 em Cena de Teatro, Circo e Dan\u00e7a \u00e9 um n\u00facleo de pesquisa e produ\u00e7\u00e3o cultural, sediado em Recife\/PE, formado por Palha\u00e7os, m\u00fasicos, atores e bailarinos que desempenham estudos acerca do Circo e do Palha\u00e7o Tradicional Circense, bem como sobre o teatro para crian\u00e7as.<\/p><p>Link:\u00a0<a href=\"https:\/\/repositorio.ufrn.br\/handle\/123456789\/29220\">https:\/\/repositorio.ufrn.br\/handle\/123456789\/29220<\/a><\/p>\t\t\t\t\t\t\t\t<\/div>\n\t\t\t\t<\/div>\n\t\t\t\t\t<\/div>\n\t\t<\/div>\n\t\t\t\t\t<\/div>\n\t\t<\/section>\n\t\t\t\t<section class=\"elementor-section elementor-top-section elementor-element elementor-element-62ab4e0 elementor-section-boxed elementor-section-height-default elementor-section-height-default\" data-id=\"62ab4e0\" data-element_type=\"section\" data-e-type=\"section\">\n\t\t\t\t\t\t<div class=\"elementor-container elementor-column-gap-default\">\n\t\t\t\t\t<div class=\"elementor-column elementor-col-100 elementor-top-column elementor-element elementor-element-e64b07e\" data-id=\"e64b07e\" data-element_type=\"column\" data-e-type=\"column\">\n\t\t\t<div class=\"elementor-widget-wrap elementor-element-populated\">\n\t\t\t\t\t\t<div class=\"elementor-element elementor-element-6737c9c elementor--star-style-star_fontawesome elementor-widget elementor-widget-star-rating\" data-id=\"6737c9c\" data-element_type=\"widget\" data-e-type=\"widget\" data-widget_type=\"star-rating.default\">\n\t\t\t\t<div class=\"elementor-widget-container\">\n\t\t\t\t\t\t\t<div class=\"elementor-star-rating__wrapper\">\n\t\t\t\t\t\t<div class=\"elementor-star-rating\" itemtype=\"http:\/\/schema.org\/Rating\" itemscope=\"\" itemprop=\"reviewRating\">\n\t\t\t\t<i class=\"elementor-star-full\" aria-hidden=\"true\">&#xE934;<\/i><i class=\"elementor-star-full\" aria-hidden=\"true\">&#xE934;<\/i><i class=\"elementor-star-full\" aria-hidden=\"true\">&#xE934;<\/i><i class=\"elementor-star-full\" aria-hidden=\"true\">&#xE934;<\/i><i class=\"elementor-star-full\" aria-hidden=\"true\">&#xE934;<\/i>\t\t\t\t<span itemprop=\"ratingValue\" class=\"elementor-screen-only\">Rated 5 out of 5<\/span>\n\t\t\t<\/div>\n\t\t<\/div>\n\t\t\t\t\t\t<\/div>\n\t\t\t\t<\/div>\n\t\t\t\t\t<\/div>\n\t\t<\/div>\n\t\t\t\t\t<\/div>\n\t\t<\/section>\n\t\t\t\t<\/div>\n\t\t","protected":false},"excerpt":{"rendered":"<p>SILVA, Francisco Alexsandro da.\u00a0Do palco ao picadeiro: circo e palha\u00e7aria tradicional no trabalho da Cia. 2 em Cena.\u00a0Disserta\u00e7\u00e3o (Mestrado em Artes C\u00eanicas) &#8211; Universidade Federal do Rio Grande do Norte, 2020. Palavras-chave: Circo brasileiro; Palha\u00e7aria; Comicidade feminina; Cia.2 em cena. &hellip; <a href=\"https:\/\/utfpr.curitiba.br\/bibliotecadesigncenico\/?p=1101\">Continue lendo <span class=\"meta-nav\">&rarr;<\/span><\/a><\/p>\n","protected":false},"author":4,"featured_media":0,"comment_status":"closed","ping_status":"","sticky":false,"template":"","format":"standard","meta":{"footnotes":""},"categories":[10],"tags":[344,341,343,342],"class_list":["post-1101","post","type-post","status-publish","format-standard","hentry","category-diversos","tag-cia-2-em-cena","tag-circo-brasileiro","tag-comicidade-feminina","tag-palhacaria"],"_links":{"self":[{"href":"https:\/\/utfpr.curitiba.br\/bibliotecadesigncenico\/index.php?rest_route=\/wp\/v2\/posts\/1101","targetHints":{"allow":["GET"]}}],"collection":[{"href":"https:\/\/utfpr.curitiba.br\/bibliotecadesigncenico\/index.php?rest_route=\/wp\/v2\/posts"}],"about":[{"href":"https:\/\/utfpr.curitiba.br\/bibliotecadesigncenico\/index.php?rest_route=\/wp\/v2\/types\/post"}],"author":[{"embeddable":true,"href":"https:\/\/utfpr.curitiba.br\/bibliotecadesigncenico\/index.php?rest_route=\/wp\/v2\/users\/4"}],"replies":[{"embeddable":true,"href":"https:\/\/utfpr.curitiba.br\/bibliotecadesigncenico\/index.php?rest_route=%2Fwp%2Fv2%2Fcomments&post=1101"}],"version-history":[{"count":4,"href":"https:\/\/utfpr.curitiba.br\/bibliotecadesigncenico\/index.php?rest_route=\/wp\/v2\/posts\/1101\/revisions"}],"predecessor-version":[{"id":1105,"href":"https:\/\/utfpr.curitiba.br\/bibliotecadesigncenico\/index.php?rest_route=\/wp\/v2\/posts\/1101\/revisions\/1105"}],"wp:attachment":[{"href":"https:\/\/utfpr.curitiba.br\/bibliotecadesigncenico\/index.php?rest_route=%2Fwp%2Fv2%2Fmedia&parent=1101"}],"wp:term":[{"taxonomy":"category","embeddable":true,"href":"https:\/\/utfpr.curitiba.br\/bibliotecadesigncenico\/index.php?rest_route=%2Fwp%2Fv2%2Fcategories&post=1101"},{"taxonomy":"post_tag","embeddable":true,"href":"https:\/\/utfpr.curitiba.br\/bibliotecadesigncenico\/index.php?rest_route=%2Fwp%2Fv2%2Ftags&post=1101"}],"curies":[{"name":"wp","href":"https:\/\/api.w.org\/{rel}","templated":true}]}}