{"id":1090,"date":"2021-06-11T14:55:04","date_gmt":"2021-06-11T17:55:04","guid":{"rendered":"https:\/\/bibliotecadesigncenico.ct.utfpr.edu.br\/?p=1090"},"modified":"2021-06-11T14:58:00","modified_gmt":"2021-06-11T17:58:00","slug":"a-maquiagem-como-experiencia-artistica-e-pedagogica","status":"publish","type":"post","link":"https:\/\/utfpr.curitiba.br\/bibliotecadesigncenico\/?p=1090","title":{"rendered":"A maquiagem como experi\u00eancia art\u00edstica e pedag\u00f3gica"},"content":{"rendered":"\t\t<div data-elementor-type=\"wp-post\" data-elementor-id=\"1090\" class=\"elementor elementor-1090\">\n\t\t\t\t\t\t<section class=\"elementor-section elementor-top-section elementor-element elementor-element-7b920e2 elementor-section-boxed elementor-section-height-default elementor-section-height-default\" data-id=\"7b920e2\" data-element_type=\"section\" data-e-type=\"section\">\n\t\t\t\t\t\t<div class=\"elementor-container elementor-column-gap-default\">\n\t\t\t\t\t<div class=\"elementor-column elementor-col-100 elementor-top-column elementor-element elementor-element-24b31aa\" data-id=\"24b31aa\" data-element_type=\"column\" data-e-type=\"column\">\n\t\t\t<div class=\"elementor-widget-wrap elementor-element-populated\">\n\t\t\t\t\t\t<div class=\"elementor-element elementor-element-62e29a7 elementor-widget elementor-widget-text-editor\" data-id=\"62e29a7\" data-element_type=\"widget\" data-e-type=\"widget\" data-widget_type=\"text-editor.default\">\n\t\t\t\t<div class=\"elementor-widget-container\">\n\t\t\t\t\t\t\t\t\t<p>SILVA, Joseane Maria da.\u00a0<strong>A maquiagem como experi\u00eancia art\u00edstica e pedag\u00f3gica.\u00a0<\/strong>Disserta\u00e7\u00e3o (Mestrado em Artes C\u00eanicas) &#8211; Universidade Federal do Rio Grande do Norte, 2020.<\/p><p>Palavras-chave: Ensino de teatro; Ensino de maquiagem; Apar\u00eancia; Constru\u00e7\u00e3o de personagem; Maquiagem.<\/p><p>Resumo: A pesquisa aborda o estudo da maquiagem enquanto experi\u00eancia art\u00edstica e pedag\u00f3gica com alunos do ensino fundamental II. Esse estudo tem como objetivo discutir os conhecimentos da maquiagem partindo da ideia de apar\u00eancia, a fim de proporcionar reflex\u00f5es sobre o conceito de imagem nas rela\u00e7\u00f5es sociais e na constru\u00e7\u00e3o do personagem. Busca-se, com o desenvolvimento de pr\u00e1ticas pedag\u00f3gicas e estrat\u00e9gias metodol\u00f3gicas, auxiliar no processo de constru\u00e7\u00e3o do conhecimento da maquiagem e sua percep\u00e7\u00e3o enquanto elemento de linguagem da cena teatral. Os di\u00e1logos estabelecidos fundamentam-se na metodologia de pesquisa-a\u00e7\u00e3o, considerando as quest\u00f5es trazidas pelos discentes, e assim, despertando o olhar cr\u00edtico dos discentes sobre sua pr\u00f3pria realidade. Dessa forma, partimos das ideias de Bourdieu e Landowski para discutir sobre a apar\u00eancia e os fatores que influenciam na constru\u00e7\u00e3o da imagem. Destarte, as discuss\u00f5es dos autores Magalh\u00e3es, Souza e Ramos trouxeram contribui\u00e7\u00f5es no entendimento da maquiagem enquanto linguagem c\u00eanica, refletindo enquanto um elemento que altera a apar\u00eancia de quem a usa. Trago tamb\u00e9m as ideias de Freire como norte te\u00f3rico sobre a educa\u00e7\u00e3o, entendendo a import\u00e2ncia dial\u00f3gica entre o professor e o aluno no processo de constru\u00e7\u00e3o do conhecimento. Assim, busca-se, com a pesquisa, difundir as quest\u00f5es sobre o ensino de teatro por meio do ensino da maquiagem, ampliando as discuss\u00f5es sobre a pedagogia teatral.<\/p><p>Link:\u00a0<a href=\"https:\/\/repositorio.ufrn.br\/handle\/123456789\/30310\">https:\/\/repositorio.ufrn.br\/handle\/123456789\/30310<\/a><\/p>\t\t\t\t\t\t\t\t<\/div>\n\t\t\t\t<\/div>\n\t\t\t\t<div class=\"elementor-element elementor-element-5a3f1e3 elementor--star-style-star_fontawesome elementor-widget elementor-widget-star-rating\" data-id=\"5a3f1e3\" data-element_type=\"widget\" data-e-type=\"widget\" data-widget_type=\"star-rating.default\">\n\t\t\t\t<div class=\"elementor-widget-container\">\n\t\t\t\t\t\t\t<div class=\"elementor-star-rating__wrapper\">\n\t\t\t\t\t\t<div class=\"elementor-star-rating\" itemtype=\"http:\/\/schema.org\/Rating\" itemscope=\"\" itemprop=\"reviewRating\">\n\t\t\t\t<i class=\"elementor-star-full\" aria-hidden=\"true\">&#xE934;<\/i><i class=\"elementor-star-full\" aria-hidden=\"true\">&#xE934;<\/i><i class=\"elementor-star-full\" aria-hidden=\"true\">&#xE934;<\/i><i class=\"elementor-star-full\" aria-hidden=\"true\">&#xE934;<\/i><i class=\"elementor-star-full\" aria-hidden=\"true\">&#xE934;<\/i>\t\t\t\t<span itemprop=\"ratingValue\" class=\"elementor-screen-only\">Rated 5 out of 5<\/span>\n\t\t\t<\/div>\n\t\t<\/div>\n\t\t\t\t\t\t<\/div>\n\t\t\t\t<\/div>\n\t\t\t\t\t<\/div>\n\t\t<\/div>\n\t\t\t\t\t<\/div>\n\t\t<\/section>\n\t\t\t\t<\/div>\n\t\t","protected":false},"excerpt":{"rendered":"<p>SILVA, Joseane Maria da.\u00a0A maquiagem como experi\u00eancia art\u00edstica e pedag\u00f3gica.\u00a0Disserta\u00e7\u00e3o (Mestrado em Artes C\u00eanicas) &#8211; Universidade Federal do Rio Grande do Norte, 2020. Palavras-chave: Ensino de teatro; Ensino de maquiagem; Apar\u00eancia; Constru\u00e7\u00e3o de personagem; Maquiagem. Resumo: A pesquisa aborda o &hellip; <a href=\"https:\/\/utfpr.curitiba.br\/bibliotecadesigncenico\/?p=1090\">Continue lendo <span class=\"meta-nav\">&rarr;<\/span><\/a><\/p>\n","protected":false},"author":4,"featured_media":0,"comment_status":"closed","ping_status":"","sticky":false,"template":"","format":"standard","meta":{"footnotes":""},"categories":[6],"tags":[335,336,334,333,293],"class_list":["post-1090","post","type-post","status-publish","format-standard","hentry","category-maquiagem","tag-aparencia","tag-construcao-de-personagem","tag-ensino-de-maquiagem","tag-ensino-de-teatro","tag-maquiagem"],"_links":{"self":[{"href":"https:\/\/utfpr.curitiba.br\/bibliotecadesigncenico\/index.php?rest_route=\/wp\/v2\/posts\/1090","targetHints":{"allow":["GET"]}}],"collection":[{"href":"https:\/\/utfpr.curitiba.br\/bibliotecadesigncenico\/index.php?rest_route=\/wp\/v2\/posts"}],"about":[{"href":"https:\/\/utfpr.curitiba.br\/bibliotecadesigncenico\/index.php?rest_route=\/wp\/v2\/types\/post"}],"author":[{"embeddable":true,"href":"https:\/\/utfpr.curitiba.br\/bibliotecadesigncenico\/index.php?rest_route=\/wp\/v2\/users\/4"}],"replies":[{"embeddable":true,"href":"https:\/\/utfpr.curitiba.br\/bibliotecadesigncenico\/index.php?rest_route=%2Fwp%2Fv2%2Fcomments&post=1090"}],"version-history":[{"count":4,"href":"https:\/\/utfpr.curitiba.br\/bibliotecadesigncenico\/index.php?rest_route=\/wp\/v2\/posts\/1090\/revisions"}],"predecessor-version":[{"id":1094,"href":"https:\/\/utfpr.curitiba.br\/bibliotecadesigncenico\/index.php?rest_route=\/wp\/v2\/posts\/1090\/revisions\/1094"}],"wp:attachment":[{"href":"https:\/\/utfpr.curitiba.br\/bibliotecadesigncenico\/index.php?rest_route=%2Fwp%2Fv2%2Fmedia&parent=1090"}],"wp:term":[{"taxonomy":"category","embeddable":true,"href":"https:\/\/utfpr.curitiba.br\/bibliotecadesigncenico\/index.php?rest_route=%2Fwp%2Fv2%2Fcategories&post=1090"},{"taxonomy":"post_tag","embeddable":true,"href":"https:\/\/utfpr.curitiba.br\/bibliotecadesigncenico\/index.php?rest_route=%2Fwp%2Fv2%2Ftags&post=1090"}],"curies":[{"name":"wp","href":"https:\/\/api.w.org\/{rel}","templated":true}]}}