{"id":1013,"date":"2021-06-14T09:00:00","date_gmt":"2021-06-14T12:00:00","guid":{"rendered":"https:\/\/bibliotecadesigncenico.ct.utfpr.edu.br\/?p=1013"},"modified":"2021-06-10T19:42:03","modified_gmt":"2021-06-10T22:42:03","slug":"o-corpo-hibrido-entre-realidades-percepcao-em-espacos-virtuais","status":"publish","type":"post","link":"https:\/\/utfpr.curitiba.br\/bibliotecadesigncenico\/?p=1013","title":{"rendered":"O corpo h\u00edbrido entre realidades: percep\u00e7\u00e3o em espa\u00e7os virtuais"},"content":{"rendered":"\t\t<div data-elementor-type=\"wp-post\" data-elementor-id=\"1013\" class=\"elementor elementor-1013\">\n\t\t\t\t\t\t<section class=\"elementor-section elementor-top-section elementor-element elementor-element-3b891ff elementor-section-boxed elementor-section-height-default elementor-section-height-default\" data-id=\"3b891ff\" data-element_type=\"section\" data-e-type=\"section\">\n\t\t\t\t\t\t<div class=\"elementor-container elementor-column-gap-default\">\n\t\t\t\t\t<div class=\"elementor-column elementor-col-100 elementor-top-column elementor-element elementor-element-86c7f93\" data-id=\"86c7f93\" data-element_type=\"column\" data-e-type=\"column\">\n\t\t\t<div class=\"elementor-widget-wrap elementor-element-populated\">\n\t\t\t\t\t\t<div class=\"elementor-element elementor-element-118a695 elementor-widget elementor-widget-text-editor\" data-id=\"118a695\" data-element_type=\"widget\" data-e-type=\"widget\" data-widget_type=\"text-editor.default\">\n\t\t\t\t<div class=\"elementor-widget-container\">\n\t\t\t\t\t\t\t\t\t<p>OSTEN, Marcela Mancion Von Der. <strong>O corpo h\u00edbrido entre realidades: percep\u00e7\u00e3o em espa\u00e7os virtuais<\/strong>. Trabalho de Conclus\u00e3o de Curso (Especializa\u00e7\u00e3o em Artes H\u00edbridas) &#8211; Universidade Tecnol\u00f3gica Federal do Paran\u00e1, 2017.<\/p><p>Palavras-chave: Espa\u00e7o (Arte); Realidade virtual; Arte por computador; Arquitetura; Percep\u00e7\u00e3o.<\/p><p>Resumo: O corpo humano percebe o espa\u00e7o de forma multissensorial, e ao interagir com ambientes digitais n\u00e3o \u00e9 diferente. Assim, a presente reflex\u00e3o visa analisar o mecanismo de incorpora\u00e7\u00e3o do corpo digital de um avatar pelo corpo-carne, e observar a forma\u00e7\u00e3o da corporalidade h\u00edbrida que protagoniza as experi\u00eancias arquitet\u00f4nicas entre realidades. Para tal, \u00e9 necess\u00e1rio mapear as camadas entre os espa\u00e7os digitais, f\u00edsicos e mentais que comp\u00f5e a virtualidade. O trabalho utiliza como territ\u00f3rio o jogo The Beginner\u2019s Guide, da Everything Unlimited Ltd, buscando esclarecer os conceitos de corpo h\u00edbrido e espa\u00e7o virtual.<\/p><p>Link:<a href=\"http:\/\/repositorio.roca.utfpr.edu.br\/jspui\/handle\/1\/13396\"> http:\/\/repositorio.roca.utfpr.edu.br\/jspui\/handle\/1\/13396<\/a><\/p>\t\t\t\t\t\t\t\t<\/div>\n\t\t\t\t<\/div>\n\t\t\t\t<div class=\"elementor-element elementor-element-6cdde1f elementor--star-style-star_fontawesome elementor-widget elementor-widget-star-rating\" data-id=\"6cdde1f\" data-element_type=\"widget\" data-e-type=\"widget\" data-widget_type=\"star-rating.default\">\n\t\t\t\t<div class=\"elementor-widget-container\">\n\t\t\t\t\t\t\t<div class=\"elementor-star-rating__wrapper\">\n\t\t\t\t\t\t<div class=\"elementor-star-rating\" itemtype=\"http:\/\/schema.org\/Rating\" itemscope=\"\" itemprop=\"reviewRating\">\n\t\t\t\t<i class=\"elementor-star-full\" aria-hidden=\"true\">&#xE934;<\/i><i class=\"elementor-star-full\" aria-hidden=\"true\">&#xE934;<\/i><i class=\"elementor-star-full\" aria-hidden=\"true\">&#xE934;<\/i><i class=\"elementor-star-full\" aria-hidden=\"true\">&#xE934;<\/i><i class=\"elementor-star-full\" aria-hidden=\"true\">&#xE934;<\/i>\t\t\t\t<span itemprop=\"ratingValue\" class=\"elementor-screen-only\">Rated 5 out of 5<\/span>\n\t\t\t<\/div>\n\t\t<\/div>\n\t\t\t\t\t\t<\/div>\n\t\t\t\t<\/div>\n\t\t\t\t\t<\/div>\n\t\t<\/div>\n\t\t\t\t\t<\/div>\n\t\t<\/section>\n\t\t\t\t<\/div>\n\t\t","protected":false},"excerpt":{"rendered":"<p>OSTEN, Marcela Mancion Von Der. O corpo h\u00edbrido entre realidades: percep\u00e7\u00e3o em espa\u00e7os virtuais. Trabalho de Conclus\u00e3o de Curso (Especializa\u00e7\u00e3o em Artes H\u00edbridas) &#8211; Universidade Tecnol\u00f3gica Federal do Paran\u00e1, 2017. Palavras-chave: Espa\u00e7o (Arte); Realidade virtual; Arte por computador; Arquitetura; Percep\u00e7\u00e3o. &hellip; <a href=\"https:\/\/utfpr.curitiba.br\/bibliotecadesigncenico\/?p=1013\">Continue lendo <span class=\"meta-nav\">&rarr;<\/span><\/a><\/p>\n","protected":false},"author":5,"featured_media":0,"comment_status":"closed","ping_status":"","sticky":false,"template":"","format":"standard","meta":{"footnotes":""},"categories":[2,3],"tags":[],"class_list":["post-1013","post","type-post","status-publish","format-standard","hentry","category-arquitetura-teatral","category-cenografia"],"_links":{"self":[{"href":"https:\/\/utfpr.curitiba.br\/bibliotecadesigncenico\/index.php?rest_route=\/wp\/v2\/posts\/1013","targetHints":{"allow":["GET"]}}],"collection":[{"href":"https:\/\/utfpr.curitiba.br\/bibliotecadesigncenico\/index.php?rest_route=\/wp\/v2\/posts"}],"about":[{"href":"https:\/\/utfpr.curitiba.br\/bibliotecadesigncenico\/index.php?rest_route=\/wp\/v2\/types\/post"}],"author":[{"embeddable":true,"href":"https:\/\/utfpr.curitiba.br\/bibliotecadesigncenico\/index.php?rest_route=\/wp\/v2\/users\/5"}],"replies":[{"embeddable":true,"href":"https:\/\/utfpr.curitiba.br\/bibliotecadesigncenico\/index.php?rest_route=%2Fwp%2Fv2%2Fcomments&post=1013"}],"version-history":[{"count":4,"href":"https:\/\/utfpr.curitiba.br\/bibliotecadesigncenico\/index.php?rest_route=\/wp\/v2\/posts\/1013\/revisions"}],"predecessor-version":[{"id":1017,"href":"https:\/\/utfpr.curitiba.br\/bibliotecadesigncenico\/index.php?rest_route=\/wp\/v2\/posts\/1013\/revisions\/1017"}],"wp:attachment":[{"href":"https:\/\/utfpr.curitiba.br\/bibliotecadesigncenico\/index.php?rest_route=%2Fwp%2Fv2%2Fmedia&parent=1013"}],"wp:term":[{"taxonomy":"category","embeddable":true,"href":"https:\/\/utfpr.curitiba.br\/bibliotecadesigncenico\/index.php?rest_route=%2Fwp%2Fv2%2Fcategories&post=1013"},{"taxonomy":"post_tag","embeddable":true,"href":"https:\/\/utfpr.curitiba.br\/bibliotecadesigncenico\/index.php?rest_route=%2Fwp%2Fv2%2Ftags&post=1013"}],"curies":[{"name":"wp","href":"https:\/\/api.w.org\/{rel}","templated":true}]}}