{"id":81,"date":"2022-02-16T15:40:37","date_gmt":"2022-02-16T18:40:37","guid":{"rendered":"https:\/\/utfpr.curitiba.br\/acervosonoro\/?p=81"},"modified":"2022-02-16T15:47:53","modified_gmt":"2022-02-16T18:47:53","slug":"sermao-de-santo-antonio-aos-peixes-padre-antonio-vieira","status":"publish","type":"post","link":"https:\/\/utfpr.curitiba.br\/acervosonoro\/2022\/02\/16\/sermao-de-santo-antonio-aos-peixes-padre-antonio-vieira\/","title":{"rendered":"Serm\u00e3o de Santo Ant\u00f4nio aos peixes &#8211; Padre Ant\u00f4nio Vieira"},"content":{"rendered":"\n<p>Fa\u00e7a download aqui da obra &#8220;Serm\u00e3o de Santo Ant\u00f4nio aos peixes&#8221; de Padre Ant\u00f4nio Vieira.<\/p>\n\n\n\n<p><a href=\"https:\/\/nuvem.utfpr.edu.br\/index.php\/s\/hTNNPTZA8EuvKlK\">Par\u00e1grafo 1<\/a><\/p>\n\n\n\n<p><a href=\"https:\/\/nuvem.utfpr.edu.br\/index.php\/s\/MEzIS7C5y8opnZs\">Par\u00e1grafo 2<\/a><\/p>\n\n\n\n<p><a href=\"https:\/\/nuvem.utfpr.edu.br\/index.php\/s\/J6pLfn1B4k2ccHL\">Par\u00e1grafo 3<\/a><\/p>\n\n\n\n<p><a href=\"https:\/\/nuvem.utfpr.edu.br\/index.php\/s\/9FuWhkVl9Ewj0rR\">Par\u00e1grafo 4<\/a><\/p>\n\n\n\n<p><a href=\"https:\/\/nuvem.utfpr.edu.br\/index.php\/s\/dZhhMHzzHe2mcbl\">Par\u00e1grafo 5<\/a><\/p>\n\n\n\n<p><a href=\"https:\/\/nuvem.utfpr.edu.br\/index.php\/s\/e0SiPC7qqp3jqFQ\">Par\u00e1grafo 6<\/a><\/p>\n\n\n\n<p><a href=\"https:\/\/nuvem.utfpr.edu.br\/index.php\/s\/GRZ7qKOnJMDWobJ\">Par\u00e1grafo 7<\/a><\/p>\n\n\n\n<p><a href=\"https:\/\/nuvem.utfpr.edu.br\/index.php\/s\/bXPO8mRdWa9c7ym\">Par\u00e1grafo 8<\/a><\/p>\n\n\n\n<p><a href=\"https:\/\/nuvem.utfpr.edu.br\/index.php\/s\/HD9WIAu8cU2TKZ4\">Par\u00e1grafo 9<\/a><\/p>\n","protected":false},"excerpt":{"rendered":"<p>Fa\u00e7a download aqui da obra &#8220;Serm\u00e3o de Santo Ant\u00f4nio aos peixes&#8221; de Padre Ant\u00f4nio Vieira. Par\u00e1grafo 1 Par\u00e1grafo 2 Par\u00e1grafo 3 Par\u00e1grafo 4 Par\u00e1grafo 5 Par\u00e1grafo 6 Par\u00e1grafo 7 Par\u00e1grafo 8 Par\u00e1grafo 9<\/p>\n","protected":false},"author":12,"featured_media":0,"comment_status":"open","ping_status":"open","sticky":false,"template":"","format":"standard","meta":{"footnotes":""},"categories":[1],"tags":[25,23,26,24],"class_list":["post-81","post","type-post","status-publish","format-standard","hentry","category-sem-categoria","tag-barroco","tag-padre-antonio-vieira","tag-santo-antonio-aos-peixes","tag-sermao"],"_links":{"self":[{"href":"https:\/\/utfpr.curitiba.br\/acervosonoro\/wp-json\/wp\/v2\/posts\/81","targetHints":{"allow":["GET"]}}],"collection":[{"href":"https:\/\/utfpr.curitiba.br\/acervosonoro\/wp-json\/wp\/v2\/posts"}],"about":[{"href":"https:\/\/utfpr.curitiba.br\/acervosonoro\/wp-json\/wp\/v2\/types\/post"}],"author":[{"embeddable":true,"href":"https:\/\/utfpr.curitiba.br\/acervosonoro\/wp-json\/wp\/v2\/users\/12"}],"replies":[{"embeddable":true,"href":"https:\/\/utfpr.curitiba.br\/acervosonoro\/wp-json\/wp\/v2\/comments?post=81"}],"version-history":[{"count":2,"href":"https:\/\/utfpr.curitiba.br\/acervosonoro\/wp-json\/wp\/v2\/posts\/81\/revisions"}],"predecessor-version":[{"id":85,"href":"https:\/\/utfpr.curitiba.br\/acervosonoro\/wp-json\/wp\/v2\/posts\/81\/revisions\/85"}],"wp:attachment":[{"href":"https:\/\/utfpr.curitiba.br\/acervosonoro\/wp-json\/wp\/v2\/media?parent=81"}],"wp:term":[{"taxonomy":"category","embeddable":true,"href":"https:\/\/utfpr.curitiba.br\/acervosonoro\/wp-json\/wp\/v2\/categories?post=81"},{"taxonomy":"post_tag","embeddable":true,"href":"https:\/\/utfpr.curitiba.br\/acervosonoro\/wp-json\/wp\/v2\/tags?post=81"}],"curies":[{"name":"wp","href":"https:\/\/api.w.org\/{rel}","templated":true}]}}