{"id":46,"date":"2021-10-20T14:51:03","date_gmt":"2021-10-20T17:51:03","guid":{"rendered":"https:\/\/utfpr.curitiba.br\/acervosonoro\/?p=46"},"modified":"2021-10-20T14:51:03","modified_gmt":"2021-10-20T17:51:03","slug":"o-uraguai-basilio-da-gama","status":"publish","type":"post","link":"https:\/\/utfpr.curitiba.br\/acervosonoro\/2021\/10\/20\/o-uraguai-basilio-da-gama\/","title":{"rendered":"O Uraguai &#8211; Bas\u00edlio da Gama"},"content":{"rendered":"\n<p>Aqui voc\u00ea pode baixar a obra &#8220;O Uraguai&#8221; de Bas\u00edlio da Gama. Basta clicar em cada uma das partes dispon\u00edveis!<\/p>\n\n\n\n<p><a href=\"https:\/\/nuvem.utfpr.edu.br\/index.php\/s\/E77jMY4Q0sFmTeR\" target=\"_blank\" rel=\"noreferrer noopener\">Soneto inicial<\/a><\/p>\n\n\n\n<p><a href=\"https:\/\/nuvem.utfpr.edu.br\/index.php\/s\/E77jMY4Q0sFmTeR\" target=\"_blank\" rel=\"noreferrer noopener\">Primeiro Canto<\/a><\/p>\n\n\n\n<p><a href=\"https:\/\/nuvem.utfpr.edu.br\/index.php\/s\/AQOXHAVdPRGf3Bn\">Segundo Canto<\/a><\/p>\n\n\n\n<p><a href=\"https:\/\/nuvem.utfpr.edu.br\/index.php\/s\/els1HGJ2Yb6O1Vh\" target=\"_blank\" rel=\"noreferrer noopener\">Terceiro Canto<\/a><\/p>\n\n\n\n<p><a href=\"https:\/\/nuvem.utfpr.edu.br\/index.php\/s\/Z4vBR3jhaWZaFIJ\" target=\"_blank\" rel=\"noreferrer noopener\">Quarto Canto<\/a><\/p>\n\n\n\n<p><a href=\"https:\/\/nuvem.utfpr.edu.br\/index.php\/s\/nahQTYC6m2LEsoD\" target=\"_blank\" rel=\"noreferrer noopener\">Quinto Canto<\/a><\/p>\n\n\n\n<p><a href=\"https:\/\/nuvem.utfpr.edu.br\/index.php\/s\/W9ZYhxVgOWAMljk\" target=\"_blank\" rel=\"noreferrer noopener\">Soneto final 1<\/a><\/p>\n\n\n\n<p><a href=\"https:\/\/nuvem.utfpr.edu.br\/index.php\/s\/Q4J7SuL2RNG73WO\" target=\"_blank\" rel=\"noreferrer noopener\">Soneto final 2<\/a><\/p>\n","protected":false},"excerpt":{"rendered":"<p>Aqui voc\u00ea pode baixar a obra &#8220;O Uraguai&#8221; de Bas\u00edlio da Gama. Basta clicar em cada uma das partes dispon\u00edveis! Soneto inicial Primeiro Canto Segundo Canto Terceiro Canto Quarto Canto Quinto Canto Soneto final 1 Soneto final 2<\/p>\n","protected":false},"author":12,"featured_media":0,"comment_status":"open","ping_status":"open","sticky":false,"template":"","format":"standard","meta":{"footnotes":""},"categories":[8],"tags":[12,6,13],"class_list":["post-46","post","type-post","status-publish","format-standard","hentry","category-poesia","tag-basilio-da-gama","tag-poesia","tag-uraguai"],"_links":{"self":[{"href":"https:\/\/utfpr.curitiba.br\/acervosonoro\/wp-json\/wp\/v2\/posts\/46","targetHints":{"allow":["GET"]}}],"collection":[{"href":"https:\/\/utfpr.curitiba.br\/acervosonoro\/wp-json\/wp\/v2\/posts"}],"about":[{"href":"https:\/\/utfpr.curitiba.br\/acervosonoro\/wp-json\/wp\/v2\/types\/post"}],"author":[{"embeddable":true,"href":"https:\/\/utfpr.curitiba.br\/acervosonoro\/wp-json\/wp\/v2\/users\/12"}],"replies":[{"embeddable":true,"href":"https:\/\/utfpr.curitiba.br\/acervosonoro\/wp-json\/wp\/v2\/comments?post=46"}],"version-history":[{"count":1,"href":"https:\/\/utfpr.curitiba.br\/acervosonoro\/wp-json\/wp\/v2\/posts\/46\/revisions"}],"predecessor-version":[{"id":47,"href":"https:\/\/utfpr.curitiba.br\/acervosonoro\/wp-json\/wp\/v2\/posts\/46\/revisions\/47"}],"wp:attachment":[{"href":"https:\/\/utfpr.curitiba.br\/acervosonoro\/wp-json\/wp\/v2\/media?parent=46"}],"wp:term":[{"taxonomy":"category","embeddable":true,"href":"https:\/\/utfpr.curitiba.br\/acervosonoro\/wp-json\/wp\/v2\/categories?post=46"},{"taxonomy":"post_tag","embeddable":true,"href":"https:\/\/utfpr.curitiba.br\/acervosonoro\/wp-json\/wp\/v2\/tags?post=46"}],"curies":[{"name":"wp","href":"https:\/\/api.w.org\/{rel}","templated":true}]}}